{"id":6855,"date":"2023-11-02T21:27:29","date_gmt":"2023-11-03T03:27:29","guid":{"rendered":"http:\/\/elveracruzano.vip\/?p=6855"},"modified":"2023-11-02T21:27:31","modified_gmt":"2023-11-03T03:27:31","slug":"disfrutan-cientos-de-cordobeses-festival-de-la-hojaldra-y-chocolate-pdtejuanmtnez-aytocordobaver","status":"publish","type":"post","link":"https:\/\/elveracruzano.vip\/?p=6855","title":{"rendered":"Disfrutan cientos de cordobeses festival de la Hojaldra y Chocolate \/ @PdteJuanMtnez @AytoCordobaVer >>>"},"content":{"rendered":"\n<p><strong>#C\u00f3rdoba, #Ver.- <\/strong>Esta noche, autoridades municipales encabezadas por el presidente municipal, Juan Mart\u00ednez Flores, distribuyeron la tradicional hojaldra con chocolate a los cordobeses que asistieron a la explanada del parque 21 de Mayo.<\/p>\n\n\n\n<p>\u201cCon estas actividades como el Festival de la Hojaldra y el Chocolate, la exposici\u00f3n de altares y la escenificaci\u00f3n de leyendas, buscamos preservar las tradiciones para que las nuevas generaciones contin\u00faen con esta cultura mexicana donde recibimos a nuestros seres queridos que ya no est\u00e1n\u00bb, mencion\u00f3 la primera autoridad.<\/p>\n\n\n\n<p>Como parte del Festival \u201cRenacer en la Eternidad\u201d que realiz\u00f3 el Ayuntamiento de C\u00f3rdoba para festejar el D\u00eda de Muertos, tambi\u00e9n en el teatro Pedro D\u00edaz se present\u00f3 la obra prehisp\u00e1nica \u201cLa Leyenda del Coco Listli\u201d, mientras que, en el pante\u00f3n municipal se llev\u00f3 a cabo el Tour de Leyendas escenificadas por Foro Cuatro.<\/p>\n\n\n\n<p><strong>#ElVeracruzanoVIP &#8211; <\/strong><a href=\"https:\/\/www.facebook.com\/ElVeracruzanoVIP\/\">El Veracruzano VIP<\/a><\/p>\n","protected":false},"excerpt":{"rendered":"<p>#C\u00f3rdoba, #Ver.- Esta noche, autoridades municipales encabezadas por el presidente municipal, Juan Mart\u00ednez Flores, distribuyeron la tradicional hojaldra con chocolate<\/p>\n","protected":false},"author":4,"featured_media":6856,"comment_status":"open","ping_status":"open","sticky":false,"template":"","format":"standard","meta":{"colormag_page_container_layout":"default_layout","colormag_page_sidebar_layout":"default_layout","rop_custom_images_group":[],"rop_custom_messages_group":[],"rop_publish_now":"initial","rop_publish_now_accounts":{"facebook_109133384920963_108472061465099":""},"rop_publish_now_history":[],"rop_publish_now_status":"pending","footnotes":""},"categories":[11],"tags":[36,20,66,19,21],"class_list":["post-6855","post","type-post","status-publish","format-standard","has-post-thumbnail","hentry","category-municipios-destacados","tag-cordoba","tag-enterate","tag-juan-martinez-flores","tag-redes-sociales","tag-ultima-hora"],"_links":{"self":[{"href":"https:\/\/elveracruzano.vip\/index.php?rest_route=\/wp\/v2\/posts\/6855","targetHints":{"allow":["GET"]}}],"collection":[{"href":"https:\/\/elveracruzano.vip\/index.php?rest_route=\/wp\/v2\/posts"}],"about":[{"href":"https:\/\/elveracruzano.vip\/index.php?rest_route=\/wp\/v2\/types\/post"}],"author":[{"embeddable":true,"href":"https:\/\/elveracruzano.vip\/index.php?rest_route=\/wp\/v2\/users\/4"}],"replies":[{"embeddable":true,"href":"https:\/\/elveracruzano.vip\/index.php?rest_route=%2Fwp%2Fv2%2Fcomments&post=6855"}],"version-history":[{"count":1,"href":"https:\/\/elveracruzano.vip\/index.php?rest_route=\/wp\/v2\/posts\/6855\/revisions"}],"predecessor-version":[{"id":6857,"href":"https:\/\/elveracruzano.vip\/index.php?rest_route=\/wp\/v2\/posts\/6855\/revisions\/6857"}],"wp:featuredmedia":[{"embeddable":true,"href":"https:\/\/elveracruzano.vip\/index.php?rest_route=\/wp\/v2\/media\/6856"}],"wp:attachment":[{"href":"https:\/\/elveracruzano.vip\/index.php?rest_route=%2Fwp%2Fv2%2Fmedia&parent=6855"}],"wp:term":[{"taxonomy":"category","embeddable":true,"href":"https:\/\/elveracruzano.vip\/index.php?rest_route=%2Fwp%2Fv2%2Fcategories&post=6855"},{"taxonomy":"post_tag","embeddable":true,"href":"https:\/\/elveracruzano.vip\/index.php?rest_route=%2Fwp%2Fv2%2Ftags&post=6855"}],"curies":[{"name":"wp","href":"https:\/\/api.w.org\/{rel}","templated":true}]}}