{"id":6849,"date":"2023-11-02T21:22:48","date_gmt":"2023-11-03T03:22:48","guid":{"rendered":"http:\/\/elveracruzano.vip\/?p=6849"},"modified":"2023-11-02T21:22:49","modified_gmt":"2023-11-03T03:22:49","slug":"conciertos-danza-cine-y-teatro-en-3er-festival-internacional-xalapa-y-su-cultura-cuitlahuacgj-gobiernover","status":"publish","type":"post","link":"https:\/\/elveracruzano.vip\/?p=6849","title":{"rendered":"Conciertos, danza, cine y teatro en 3er Festival Internacional Xalapa y su Cultura \/ @CuitlahuacGJ @GobiernoVer >>>"},"content":{"rendered":"\n<p><strong>#GobiernoDeVeracruz.- <\/strong>Magnos conciertos, obras de teatro, cortometrajes, ballets folcl\u00f3ricos, presentaciones editoriales, muestras fotogr\u00e1ficas, gastronom\u00eda, talleres y conferencias te esperan del jueves 23 al domingo 26 de noviembre en al menos 20 sedes de la Atenas Veracruzana con motivo del tercer Festival Internacional Xalapa y su Cultura.<\/p>\n\n\n\n<p>En conferencia de prensa, el titular de la Secretar\u00eda de Turismo y Cultura (SECTUR), Iv\u00e1n Francisco Mart\u00ednez Olvera, dio a conocer la asistencia de Argentina, Espa\u00f1a y Hait\u00ed como naciones invitadas y la participaci\u00f3n de 300 voluntarios; igualmente, la inversi\u00f3n de 5 millones de pesos y una expectativa de retorno hasta cuatro veces mayor.<\/p>\n\n\n\n<p>Dentro de la cartelera art\u00edstica destacan Los Cojolites la primera noche en el Parque Ju\u00e1rez, junto al Ballet Internacional de la Universidad Veracruzana, el cantautor espa\u00f1ol Fran Fern\u00e1ndez y la Sinf\u00f3nica de Banderilla; y el viernes 24, la Orquesta Sinf\u00f3nica de Xalapa con el tenor Fernando de la Mora en la Sala Tlaqn\u00e1, adem\u00e1s de m\u00fasica de c\u00e1mara, el Mariachi de la UV y la Orquesta Municipal.<\/p>\n\n\n\n<p>El s\u00e1bado 25, el Teatro del Estado abrir\u00e1 sus puestas a la presentaci\u00f3n de Alejandro Filio, previa callejoneada, el sabor de la Orquesta de Salsa de la UV y la magia de A Piacere Ensamble; mientras que la \u00faltima jornada reserv\u00f3 una pasarela de moda y un espect\u00e1culo de lucha libre en el parque Ju\u00e1rez, para dar paso a la agrupaci\u00f3n xique\u00f1a \u00c1mbar 56 y el cierre con Jenny and The Mexicats.<\/p>\n\n\n\n<p>Cabe mencionar que otras actividades tendr\u00e1n lugar en espacios como el Centro Recreativo Xalape\u00f1o, bajos del Palacio de Gobierno, Paseo de Los Lagos, Iniciativa Municipal de Arte y Cultura (IMAC), Instituto Tecnol\u00f3gico Superior, Museo de la M\u00fasica, Museo Casa Xalapa, Teatro JJ Herrera, Barrio M\u00e1gico de Xallitic y la Biblioteca Carlos Fuentes.<\/p>\n\n\n\n<p>De forma paralela, el evento albergar\u00e1 el 24\u00ba Festival Cultural Mictl\u00e1n en el Parque Bicentenario, desde hoy y hasta el 5 de noviembre, y el d\u00eda 27 un concierto a favor del rescate y mantenimiento del edificio del Colegio Preparatorio (Prepa Ju\u00e1rez) en el auditorio IMAC. Puedes consultar el programa general en la p\u00e1gina de Facebook Festival Xalapa y su Cultura y redes oficiales de la SECTUR.<\/p>\n\n\n\n<p><strong>#ElVeracruzanoVIP &#8211; <\/strong><a href=\"https:\/\/www.facebook.com\/ElVeracruzanoVIP\/\">El Veracruzano VIP<\/a><\/p>\n","protected":false},"excerpt":{"rendered":"<p>#GobiernoDeVeracruz.- Magnos conciertos, obras de teatro, cortometrajes, ballets folcl\u00f3ricos, presentaciones editoriales, muestras fotogr\u00e1ficas, gastronom\u00eda, talleres y conferencias te esperan del<\/p>\n","protected":false},"author":4,"featured_media":6850,"comment_status":"open","ping_status":"open","sticky":false,"template":"","format":"standard","meta":{"colormag_page_container_layout":"default_layout","colormag_page_sidebar_layout":"default_layout","rop_custom_images_group":[],"rop_custom_messages_group":[],"rop_publish_now":"initial","rop_publish_now_accounts":{"facebook_109133384920963_108472061465099":""},"rop_publish_now_history":[],"rop_publish_now_status":"pending","footnotes":""},"categories":[14],"tags":[],"class_list":["post-6849","post","type-post","status-publish","format-standard","has-post-thumbnail","hentry","category-secretarias"],"_links":{"self":[{"href":"https:\/\/elveracruzano.vip\/index.php?rest_route=\/wp\/v2\/posts\/6849","targetHints":{"allow":["GET"]}}],"collection":[{"href":"https:\/\/elveracruzano.vip\/index.php?rest_route=\/wp\/v2\/posts"}],"about":[{"href":"https:\/\/elveracruzano.vip\/index.php?rest_route=\/wp\/v2\/types\/post"}],"author":[{"embeddable":true,"href":"https:\/\/elveracruzano.vip\/index.php?rest_route=\/wp\/v2\/users\/4"}],"replies":[{"embeddable":true,"href":"https:\/\/elveracruzano.vip\/index.php?rest_route=%2Fwp%2Fv2%2Fcomments&post=6849"}],"version-history":[{"count":1,"href":"https:\/\/elveracruzano.vip\/index.php?rest_route=\/wp\/v2\/posts\/6849\/revisions"}],"predecessor-version":[{"id":6851,"href":"https:\/\/elveracruzano.vip\/index.php?rest_route=\/wp\/v2\/posts\/6849\/revisions\/6851"}],"wp:featuredmedia":[{"embeddable":true,"href":"https:\/\/elveracruzano.vip\/index.php?rest_route=\/wp\/v2\/media\/6850"}],"wp:attachment":[{"href":"https:\/\/elveracruzano.vip\/index.php?rest_route=%2Fwp%2Fv2%2Fmedia&parent=6849"}],"wp:term":[{"taxonomy":"category","embeddable":true,"href":"https:\/\/elveracruzano.vip\/index.php?rest_route=%2Fwp%2Fv2%2Fcategories&post=6849"},{"taxonomy":"post_tag","embeddable":true,"href":"https:\/\/elveracruzano.vip\/index.php?rest_route=%2Fwp%2Fv2%2Ftags&post=6849"}],"curies":[{"name":"wp","href":"https:\/\/api.w.org\/{rel}","templated":true}]}}