{"id":6826,"date":"2023-10-26T19:20:06","date_gmt":"2023-10-27T01:20:06","guid":{"rendered":"http:\/\/elveracruzano.vip\/?p=6826"},"modified":"2023-10-26T19:20:08","modified_gmt":"2023-10-27T01:20:08","slug":"promueve-gobierno-la-prevencion-de-la-violencia-mediante-ferias-infantiles-cuitlahuacgj-gobiernover","status":"publish","type":"post","link":"https:\/\/elveracruzano.vip\/?p=6826","title":{"rendered":"Promueve Gobierno la prevenci\u00f3n de la violencia mediante ferias infantiles \/ @CuitlahuacGJ @GobiernoVer >>>"},"content":{"rendered":"\n<p><strong>#GobiernoDeVeracruz.-<\/strong> El Centro Estatal de Prevenci\u00f3n Social de la Violencia y la Delincuencia con Participaci\u00f3n Ciudadana pone al alcance de ayuntamientos y planteles de educaci\u00f3n b\u00e1sica y media superior las Ferias de la Prevenci\u00f3n, una serie de actividades l\u00fadicas y recreativas con el objetivo de fomentar la cultura de paz y los derechos humanos.<\/p>\n\n\n\n<p>Entre din\u00e1micas para pintar y colorear, concursos, lectura y juegos como serpientes y escaleras, jenga y loter\u00eda, los asistentes aprenden sobre las conductas violentas que deben evitar en su entorno familiar, escolar y social, adem\u00e1s de identificar los canales de denuncia oportuna y auxilio en caso de alguna agresi\u00f3n que ponga en riesgo su integridad o la de sus conocidos.<\/p>\n\n\n\n<p>En los \u00faltimos 10 meses, dichos eventos han tenido impacto en 23 mil 444 ni\u00f1as, ni\u00f1os, adolescentes y j\u00f3venes de Alvarado, Banderilla, Carlos A. Carrillo, Coacoatzintla, Coatepec, Emiliano Zapata, Mart\u00ednez de la Torre, Misantla, Ozuluama, Papantla, San Andr\u00e9s Tuxtla, Teocelo, Tlacojalpan, Veracruz, Xalapa, Yanga y Yecuatla.<\/p>\n\n\n\n<p>La Secretar\u00eda de Seguridad P\u00fablica invita a los ayuntamientos e instituciones educativas p\u00fablicas y privadas a participar en las Ferias de la Prevenci\u00f3n, pueden solicitarlas llamando al tel\u00e9fono (228) 841 -80-48, extensiones 11027 y 11037, y as\u00ed contribuir a una sociedad m\u00e1s consciente, respetuosa y preparada ante los fen\u00f3menos que originan la violencia y la delincuencia.<\/p>\n\n\n\n<p><strong>#ElVeracruzanoVIP &#8211; <\/strong><a href=\"https:\/\/www.facebook.com\/ElVeracruzanoVIP\/\">El Veracruzano VIP<\/a><\/p>\n","protected":false},"excerpt":{"rendered":"<p>#GobiernoDeVeracruz.- El Centro Estatal de Prevenci\u00f3n Social de la Violencia y la Delincuencia con Participaci\u00f3n Ciudadana pone al alcance de<\/p>\n","protected":false},"author":4,"featured_media":6827,"comment_status":"open","ping_status":"open","sticky":false,"template":"","format":"standard","meta":{"colormag_page_container_layout":"default_layout","colormag_page_sidebar_layout":"default_layout","rop_custom_images_group":[],"rop_custom_messages_group":[],"rop_publish_now":"initial","rop_publish_now_accounts":{"facebook_109133384920963_108472061465099":""},"rop_publish_now_history":[],"rop_publish_now_status":"pending","footnotes":""},"categories":[16],"tags":[17,20,18,19,21],"class_list":["post-6826","post","type-post","status-publish","format-standard","has-post-thumbnail","hentry","category-ultima-hora","tag-cuitlahuac-garcia-jimenez","tag-enterate","tag-gobierno-del-estado-de-veracruz","tag-redes-sociales","tag-ultima-hora"],"_links":{"self":[{"href":"https:\/\/elveracruzano.vip\/index.php?rest_route=\/wp\/v2\/posts\/6826","targetHints":{"allow":["GET"]}}],"collection":[{"href":"https:\/\/elveracruzano.vip\/index.php?rest_route=\/wp\/v2\/posts"}],"about":[{"href":"https:\/\/elveracruzano.vip\/index.php?rest_route=\/wp\/v2\/types\/post"}],"author":[{"embeddable":true,"href":"https:\/\/elveracruzano.vip\/index.php?rest_route=\/wp\/v2\/users\/4"}],"replies":[{"embeddable":true,"href":"https:\/\/elveracruzano.vip\/index.php?rest_route=%2Fwp%2Fv2%2Fcomments&post=6826"}],"version-history":[{"count":1,"href":"https:\/\/elveracruzano.vip\/index.php?rest_route=\/wp\/v2\/posts\/6826\/revisions"}],"predecessor-version":[{"id":6828,"href":"https:\/\/elveracruzano.vip\/index.php?rest_route=\/wp\/v2\/posts\/6826\/revisions\/6828"}],"wp:featuredmedia":[{"embeddable":true,"href":"https:\/\/elveracruzano.vip\/index.php?rest_route=\/wp\/v2\/media\/6827"}],"wp:attachment":[{"href":"https:\/\/elveracruzano.vip\/index.php?rest_route=%2Fwp%2Fv2%2Fmedia&parent=6826"}],"wp:term":[{"taxonomy":"category","embeddable":true,"href":"https:\/\/elveracruzano.vip\/index.php?rest_route=%2Fwp%2Fv2%2Fcategories&post=6826"},{"taxonomy":"post_tag","embeddable":true,"href":"https:\/\/elveracruzano.vip\/index.php?rest_route=%2Fwp%2Fv2%2Ftags&post=6826"}],"curies":[{"name":"wp","href":"https:\/\/api.w.org\/{rel}","templated":true}]}}