{"id":677,"date":"2022-01-20T18:40:00","date_gmt":"2022-01-21T00:40:00","guid":{"rendered":"http:\/\/elveracruzano.vip\/?p=677"},"modified":"2022-01-20T11:43:52","modified_gmt":"2022-01-20T17:43:52","slug":"para-evitar-accidentes-por-frentes-frios-exhorta-gobierno-a-la-poblacion-a-seguir-las-recomendaciones-del-sistema-estatal-de-proteccion-civil","status":"publish","type":"post","link":"https:\/\/elveracruzano.vip\/?p=677","title":{"rendered":"Para evitar accidentes por frentes fr\u00edos, exhorta gobierno a la poblaci\u00f3n a seguir las recomendaciones del Sistema Estatal de Protecci\u00f3n Civil"},"content":{"rendered":"\n<p><strong>#GobiernoDeVeracruz<\/strong>.- El pasado mi\u00e9rcoles, el gobierno de Veracruz llev\u00f3 a cabo una reuni\u00f3n con las fuerzas federales, estatales y fiscal\u00edas para llevar a cabo la sesi\u00f3n diaria de trabajo de la COESCONPAZ; adem\u00e1s de la supervisi\u00f3n de la seguridad y operativos activos en el estado, PC report\u00f3 la emisi\u00f3n del aviso especial por presencia del frente fr\u00edo No. 23; este llegar\u00e1 con Norte presentando rachas de viento de 65 a 85 km\/h en costas, descenso de temperatura y lluvias entre la tarde de este jueves y viernes. <\/p>\n\n\n\n<p>As\u00ed mismo se inform\u00f3 del operativo en el Cofre de Perote, donde dadas las condiciones por nevada, se han reforzado medidas de verificaci\u00f3n y vigilancia en coordinaci\u00f3n con la Comisi\u00f3n Nacional de \u00c1reas Naturales Protegidas y la Direcci\u00f3n Municipal de PC de Perote.<\/p>\n\n\n\n<div class=\"wp-block-image\"><figure class=\"aligncenter size-large is-resized\"><img loading=\"lazy\" decoding=\"async\" src=\"http:\/\/elveracruzano.vip\/wp-content\/uploads\/2022\/01\/secrev2-2-1024x768.jpg\" alt=\"\" class=\"wp-image-678\" width=\"490\" height=\"368\"\/><\/figure><\/div>\n","protected":false},"excerpt":{"rendered":"<p>#GobiernoDeVeracruz.- El pasado mi\u00e9rcoles, el gobierno de Veracruz llev\u00f3 a cabo una reuni\u00f3n con las fuerzas federales, estatales y fiscal\u00edas<\/p>\n","protected":false},"author":4,"featured_media":0,"comment_status":"open","ping_status":"open","sticky":false,"template":"","format":"standard","meta":{"colormag_page_container_layout":"default_layout","colormag_page_sidebar_layout":"default_layout","rop_custom_images_group":[],"rop_custom_messages_group":[],"rop_publish_now":"initial","rop_publish_now_accounts":{"facebook_109133384920963_108472061465099":""},"rop_publish_now_history":[],"rop_publish_now_status":"pending","footnotes":""},"categories":[14],"tags":[26,20,18,19,21,23,22],"class_list":["post-677","post","type-post","status-publish","format-standard","hentry","category-secretarias","tag-el-veracruzano-vip","tag-enterate","tag-gobierno-del-estado-de-veracruz","tag-redes-sociales","tag-ultima-hora","tag-ultimas-noticias","tag-ultimo-minuto"],"_links":{"self":[{"href":"https:\/\/elveracruzano.vip\/index.php?rest_route=\/wp\/v2\/posts\/677","targetHints":{"allow":["GET"]}}],"collection":[{"href":"https:\/\/elveracruzano.vip\/index.php?rest_route=\/wp\/v2\/posts"}],"about":[{"href":"https:\/\/elveracruzano.vip\/index.php?rest_route=\/wp\/v2\/types\/post"}],"author":[{"embeddable":true,"href":"https:\/\/elveracruzano.vip\/index.php?rest_route=\/wp\/v2\/users\/4"}],"replies":[{"embeddable":true,"href":"https:\/\/elveracruzano.vip\/index.php?rest_route=%2Fwp%2Fv2%2Fcomments&post=677"}],"version-history":[{"count":1,"href":"https:\/\/elveracruzano.vip\/index.php?rest_route=\/wp\/v2\/posts\/677\/revisions"}],"predecessor-version":[{"id":680,"href":"https:\/\/elveracruzano.vip\/index.php?rest_route=\/wp\/v2\/posts\/677\/revisions\/680"}],"wp:attachment":[{"href":"https:\/\/elveracruzano.vip\/index.php?rest_route=%2Fwp%2Fv2%2Fmedia&parent=677"}],"wp:term":[{"taxonomy":"category","embeddable":true,"href":"https:\/\/elveracruzano.vip\/index.php?rest_route=%2Fwp%2Fv2%2Fcategories&post=677"},{"taxonomy":"post_tag","embeddable":true,"href":"https:\/\/elveracruzano.vip\/index.php?rest_route=%2Fwp%2Fv2%2Ftags&post=677"}],"curies":[{"name":"wp","href":"https:\/\/api.w.org\/{rel}","templated":true}]}}