{"id":6760,"date":"2023-10-17T19:44:36","date_gmt":"2023-10-18T01:44:36","guid":{"rendered":"http:\/\/elveracruzano.vip\/?p=6760"},"modified":"2023-10-17T19:49:25","modified_gmt":"2023-10-18T01:49:25","slug":"con-la-feria-nacional-para-la-inclusion-laboral-nadie-se-queda-atras-cuitlahuacgj-gobiernover","status":"publish","type":"post","link":"https:\/\/elveracruzano.vip\/?p=6760","title":{"rendered":"Con la Feria Nacional para la Inclusi\u00f3n Laboral, nadie se queda atr\u00e1s \/ @CuitlahuacGJ @GobiernoVer >>>"},"content":{"rendered":"\n<p><strong>#GobiernoDeVeracruz.-<\/strong> Los pr\u00f3ximos 18, 19, 20 y 23 de octubre, C\u00f3rdoba, Xalapa, Boca del R\u00edo y Tuxpan ser\u00e1n sedes de la Feria Nacional de Empleo para la Inclusi\u00f3n Laboral, cuyo objetivo es acercar oportunidades que privilegian la inserci\u00f3n de adultos mayores, mujeres, j\u00f3venes, personas con discapacidad y migrantes, refugiados o desplazados.<\/p>\n\n\n\n<p>Con al menos 212 vacantes que requieren como escolaridad desde nivel b\u00e1sico a licenciatura en \u00e1reas de manufactura, producci\u00f3n, oficios, servicios, transporte, distribuci\u00f3n y log\u00edstica, recursos humanos, reclutamiento, educaci\u00f3n y capacitaci\u00f3n, la Secretar\u00eda de Trabajo, Previsi\u00f3n Social y Productividad coadyuva con el Servicio Nacional de Empleo.<\/p>\n\n\n\n<p>Veracruz se suma a las 54 actividades programadas a nivel nacional de manera presencial y las actividades complementarias, entre \u00e9stas sesiones virtuales de atenci\u00f3n a empleadores, talleres para buscadores y empleadores y conferencias para ayudar a la sensibilizaci\u00f3n en los centros de trabajo.<\/p>\n\n\n\n<p>La dependencia convoca a empresas locales a participar en estas cuatro jornadas y considerar que la contrataci\u00f3n de personas en situaci\u00f3n de movilidad tiene beneficios como reducir la rotaci\u00f3n de personal, pues aportan creatividad y experiencias y aumentan la innovaci\u00f3n en productos y servicios, fomentando la colaboraci\u00f3n y la diversidad cultural.<\/p>\n\n\n\n<p><strong>#ElVeracruzanoVIP &#8211; <\/strong><a href=\"https:\/\/www.facebook.com\/ElVeracruzanoVIP\/\">El Veracruzano VIP<\/a><\/p>\n","protected":false},"excerpt":{"rendered":"<p>#GobiernoDeVeracruz.- Los pr\u00f3ximos 18, 19, 20 y 23 de octubre, C\u00f3rdoba, Xalapa, Boca del R\u00edo y Tuxpan ser\u00e1n sedes de<\/p>\n","protected":false},"author":4,"featured_media":6761,"comment_status":"open","ping_status":"open","sticky":false,"template":"","format":"standard","meta":{"colormag_page_container_layout":"default_layout","colormag_page_sidebar_layout":"default_layout","rop_custom_images_group":[],"rop_custom_messages_group":[],"rop_publish_now":"initial","rop_publish_now_accounts":{"facebook_109133384920963_108472061465099":""},"rop_publish_now_history":[],"rop_publish_now_status":"pending","footnotes":""},"categories":[16],"tags":[17,20,18,19,21],"class_list":["post-6760","post","type-post","status-publish","format-standard","has-post-thumbnail","hentry","category-ultima-hora","tag-cuitlahuac-garcia-jimenez","tag-enterate","tag-gobierno-del-estado-de-veracruz","tag-redes-sociales","tag-ultima-hora"],"_links":{"self":[{"href":"https:\/\/elveracruzano.vip\/index.php?rest_route=\/wp\/v2\/posts\/6760","targetHints":{"allow":["GET"]}}],"collection":[{"href":"https:\/\/elveracruzano.vip\/index.php?rest_route=\/wp\/v2\/posts"}],"about":[{"href":"https:\/\/elveracruzano.vip\/index.php?rest_route=\/wp\/v2\/types\/post"}],"author":[{"embeddable":true,"href":"https:\/\/elveracruzano.vip\/index.php?rest_route=\/wp\/v2\/users\/4"}],"replies":[{"embeddable":true,"href":"https:\/\/elveracruzano.vip\/index.php?rest_route=%2Fwp%2Fv2%2Fcomments&post=6760"}],"version-history":[{"count":1,"href":"https:\/\/elveracruzano.vip\/index.php?rest_route=\/wp\/v2\/posts\/6760\/revisions"}],"predecessor-version":[{"id":6762,"href":"https:\/\/elveracruzano.vip\/index.php?rest_route=\/wp\/v2\/posts\/6760\/revisions\/6762"}],"wp:featuredmedia":[{"embeddable":true,"href":"https:\/\/elveracruzano.vip\/index.php?rest_route=\/wp\/v2\/media\/6761"}],"wp:attachment":[{"href":"https:\/\/elveracruzano.vip\/index.php?rest_route=%2Fwp%2Fv2%2Fmedia&parent=6760"}],"wp:term":[{"taxonomy":"category","embeddable":true,"href":"https:\/\/elveracruzano.vip\/index.php?rest_route=%2Fwp%2Fv2%2Fcategories&post=6760"},{"taxonomy":"post_tag","embeddable":true,"href":"https:\/\/elveracruzano.vip\/index.php?rest_route=%2Fwp%2Fv2%2Ftags&post=6760"}],"curies":[{"name":"wp","href":"https:\/\/api.w.org\/{rel}","templated":true}]}}