{"id":6683,"date":"2023-10-03T19:06:07","date_gmt":"2023-10-04T01:06:07","guid":{"rendered":"http:\/\/elveracruzano.vip\/?p=6683"},"modified":"2023-10-03T19:06:34","modified_gmt":"2023-10-04T01:06:34","slug":"inicia-el-mes-rosa-en-el-puerto-de-veracruz-con-la-platica-sobre-la-prevencion-y-concientizacion-sobre-el-cancer-de-mama-patyyunes-ayuntamientover","status":"publish","type":"post","link":"https:\/\/elveracruzano.vip\/?p=6683","title":{"rendered":"Inicia el \u201cMes Rosa\u201d en el Puerto de Veracruz con la pl\u00e1tica sobre la Prevenci\u00f3n y Concientizaci\u00f3n sobre el C\u00e1ncer de Mama \/ @PatyYunes @AyuntamientoVer >>>"},"content":{"rendered":"\n<p><strong>#Veracruz, #Ver.- <\/strong>Con el objetivo de crear conciencia en las mujeres sobre la prevenci\u00f3n y concientizaci\u00f3n sobre el c\u00e1ncer de mama, la alcaldesa Paty Lobeira de Yunes asisti\u00f3 a las instalaciones del DIF Municipal para inaugurar la pl\u00e1tica \u201cPensando en Rosa\u201d a la cual asisti\u00f3 el personal femenino de las direcciones de Limpia P\u00fablica y Polic\u00eda Municipal.<\/p>\n\n\n\n<p>La Alcaldesa manifest\u00f3 que estas pl\u00e1ticas se estar\u00e1n replicando en distintas universidades para crear conciencia de la importancia de la autoexploraci\u00f3n, la prevenci\u00f3n y detecci\u00f3n oportuna de esta enfermedad, con el apoyo del Grupo Reto y de la Universidad Veracruzana.<\/p>\n\n\n\n<p>El mes de octubre, fue declarado por la Organizaci\u00f3n Mundial de la Salud (OMS) como el \u201cmes de la lucha contra el c\u00e1ncer de mama\u201d dedicado a la sensibilizaci\u00f3n sobre la importancia de la prevenci\u00f3n y detecci\u00f3n de esta enfermedad.<\/p>\n\n\n\n<p>\u201cHoy iniciamos con estas platicas tan importantes de concientizaci\u00f3n de la autoexploraci\u00f3n que las mujeres se deben de hacer, no nada m\u00e1s en este mes de octubre, sino todos los meses para revisar que est\u00e9n bien, y tambi\u00e9n para fomentar que se est\u00e9n revisando profesionalmente con un m\u00e9dico a trav\u00e9s de ultrasonidos o mastograf\u00edas a partir de los 40 a\u00f1os\u201d, dijo en entrevista.<\/p>\n\n\n\n<p>Inform\u00f3 que estar\u00e1n dando 500 vales para mastograf\u00edas para todas las mujeres que est\u00e1n trabajando en Limpia P\u00fablica y en la Polic\u00eda Municipal. \u201cSiempre se dice que hay que empezar por casa, y adem\u00e1s vamos a estar entregando 500 mastograf\u00edas al p\u00fablico en general y para los hombres tambi\u00e9n tenemos 300 pruebas de ant\u00edgeno prost\u00e1tico, porque la salud es para todos\u201d.<\/p>\n\n\n\n<p><strong>#ElVeracruzanoVIP &#8211; <\/strong><a href=\"https:\/\/www.facebook.com\/ElVeracruzanoVIP\/\">El Veracruzano VIP<\/a><\/p>\n","protected":false},"excerpt":{"rendered":"<p>#Veracruz, #Ver.- Con el objetivo de crear conciencia en las mujeres sobre la prevenci\u00f3n y concientizaci\u00f3n sobre el c\u00e1ncer de<\/p>\n","protected":false},"author":4,"featured_media":6685,"comment_status":"open","ping_status":"open","sticky":false,"template":"","format":"standard","meta":{"colormag_page_container_layout":"default_layout","colormag_page_sidebar_layout":"default_layout","rop_custom_images_group":[],"rop_custom_messages_group":[],"rop_publish_now":"initial","rop_publish_now_accounts":{"facebook_109133384920963_108472061465099":""},"rop_publish_now_history":[],"rop_publish_now_status":"pending","footnotes":""},"categories":[8],"tags":[20,58,19,21,90],"class_list":["post-6683","post","type-post","status-publish","format-standard","has-post-thumbnail","hentry","category-alcaldesas","tag-enterate","tag-paty-lobeira-de-yunes","tag-redes-sociales","tag-ultima-hora","tag-veracruz-ciudad-y-puerto"],"_links":{"self":[{"href":"https:\/\/elveracruzano.vip\/index.php?rest_route=\/wp\/v2\/posts\/6683","targetHints":{"allow":["GET"]}}],"collection":[{"href":"https:\/\/elveracruzano.vip\/index.php?rest_route=\/wp\/v2\/posts"}],"about":[{"href":"https:\/\/elveracruzano.vip\/index.php?rest_route=\/wp\/v2\/types\/post"}],"author":[{"embeddable":true,"href":"https:\/\/elveracruzano.vip\/index.php?rest_route=\/wp\/v2\/users\/4"}],"replies":[{"embeddable":true,"href":"https:\/\/elveracruzano.vip\/index.php?rest_route=%2Fwp%2Fv2%2Fcomments&post=6683"}],"version-history":[{"count":1,"href":"https:\/\/elveracruzano.vip\/index.php?rest_route=\/wp\/v2\/posts\/6683\/revisions"}],"predecessor-version":[{"id":6684,"href":"https:\/\/elveracruzano.vip\/index.php?rest_route=\/wp\/v2\/posts\/6683\/revisions\/6684"}],"wp:featuredmedia":[{"embeddable":true,"href":"https:\/\/elveracruzano.vip\/index.php?rest_route=\/wp\/v2\/media\/6685"}],"wp:attachment":[{"href":"https:\/\/elveracruzano.vip\/index.php?rest_route=%2Fwp%2Fv2%2Fmedia&parent=6683"}],"wp:term":[{"taxonomy":"category","embeddable":true,"href":"https:\/\/elveracruzano.vip\/index.php?rest_route=%2Fwp%2Fv2%2Fcategories&post=6683"},{"taxonomy":"post_tag","embeddable":true,"href":"https:\/\/elveracruzano.vip\/index.php?rest_route=%2Fwp%2Fv2%2Ftags&post=6683"}],"curies":[{"name":"wp","href":"https:\/\/api.w.org\/{rel}","templated":true}]}}