{"id":6671,"date":"2023-10-03T18:57:50","date_gmt":"2023-10-04T00:57:50","guid":{"rendered":"http:\/\/elveracruzano.vip\/?p=6671"},"modified":"2023-10-03T18:57:52","modified_gmt":"2023-10-04T00:57:52","slug":"cumbre-olmeca-unico-referente-para-visibilizar-el-patrimonio-e-influencia-de-la-cultura-madre-cuitlahuacgj-gobiernover","status":"publish","type":"post","link":"https:\/\/elveracruzano.vip\/?p=6671","title":{"rendered":"Cumbre Olmeca, \u00fanico referente para visibilizar el patrimonio e influencia de la Cultura Madre \/ @CuitlahuacGJ @GobiernoVer >>>"},"content":{"rendered":"\n<p><strong>#GobiernoDeVeracruz.- <\/strong>Las actividades acad\u00e9micas y art\u00edsticas de rescate y revalorizaci\u00f3n de la Cultura Madre de Mesoam\u00e9rica concluyeron con saldo blanco y una derrama econ\u00f3mica de 15.1 millones de pesos, tras la asistencia de 39 mil 850 personas provenientes de 14 estados de la Rep\u00fablica.<\/p>\n\n\n\n<p>En conferencia de prensa, el gobernador Cuitl\u00e1huac Garc\u00eda Jim\u00e9nez destac\u00f3 que la segunda edici\u00f3n de Cumbre Olmeca responde a la pol\u00edtica social y educativa que impulsa la Cuarta Transformaci\u00f3n para dignificar a los pueblos y promover su desarrollo cultural, econ\u00f3mico y social.<\/p>\n\n\n\n<p>Al informar los resultados del fin de semana, el secretario de Turismo y Cultura, Iv\u00e1n Francisco Mart\u00ednez Olvera, acompa\u00f1ado por la directora general del Instituto Veracruzano de la Cultura (IVEC), Silvia Alejandre Prado, destac\u00f3 la presencia de catedr\u00e1ticos e investigadores internacionales en las tres sedes: Santiago Tuxtla, San Andr\u00e9s Tuxtla y Catemaco.<\/p>\n\n\n\n<p>Tambi\u00e9n la participaci\u00f3n de 31 municipios con influencia de la antigua civilizaci\u00f3n, 225 expositores y artesanos en el pabell\u00f3n Legado Olmeca, as\u00ed como 646 artistas y m\u00fasicos en los diversos foros, lo que significa un 155, 118 y 107 por ciento m\u00e1s que el a\u00f1o pasado, respectivamente; mientras que de los visitantes, un 9.3% lleg\u00f3 desde Chiapas, Puebla, Tabasco y la Ciudad de M\u00e9xico.<\/p>\n\n\n\n<p>El servidor p\u00fablico agradeci\u00f3 la coordinaci\u00f3n de diversas instituciones que hicieron posible organizar este espacio cultural pero tambi\u00e9n de prestaci\u00f3n de servicios, entre \u00e9stas las secretarias de Educaci\u00f3n, Salud, Finanzas y Gobierno; la Universidad Veracruzana y el Museo de Antropolog\u00eda de Xalapa.<\/p>\n\n\n\n<p>Por otra parte, el IVEC y la colecci\u00f3n Educal del Fondo de Cultura Econ\u00f3mica se sumaron con actividades de fomento a la lectura, tendido de libros y tendedero de poes\u00eda, en conjunto con la brigada Mujeres Insurgentes.<\/p>\n\n\n\n<p><strong>#ElVeracruzanoVIP &#8211; <\/strong><a href=\"https:\/\/www.facebook.com\/ElVeracruzanoVIP\/\">El Veracruzano VIP<\/a><\/p>\n","protected":false},"excerpt":{"rendered":"<p>#GobiernoDeVeracruz.- Las actividades acad\u00e9micas y art\u00edsticas de rescate y revalorizaci\u00f3n de la Cultura Madre de Mesoam\u00e9rica concluyeron con saldo blanco<\/p>\n","protected":false},"author":4,"featured_media":6672,"comment_status":"open","ping_status":"open","sticky":false,"template":"","format":"standard","meta":{"colormag_page_container_layout":"default_layout","colormag_page_sidebar_layout":"default_layout","rop_custom_images_group":[],"rop_custom_messages_group":[],"rop_publish_now":"initial","rop_publish_now_accounts":{"facebook_109133384920963_108472061465099":""},"rop_publish_now_history":[],"rop_publish_now_status":"pending","footnotes":""},"categories":[14],"tags":[17,20,18,19,21],"class_list":["post-6671","post","type-post","status-publish","format-standard","has-post-thumbnail","hentry","category-secretarias","tag-cuitlahuac-garcia-jimenez","tag-enterate","tag-gobierno-del-estado-de-veracruz","tag-redes-sociales","tag-ultima-hora"],"_links":{"self":[{"href":"https:\/\/elveracruzano.vip\/index.php?rest_route=\/wp\/v2\/posts\/6671","targetHints":{"allow":["GET"]}}],"collection":[{"href":"https:\/\/elveracruzano.vip\/index.php?rest_route=\/wp\/v2\/posts"}],"about":[{"href":"https:\/\/elveracruzano.vip\/index.php?rest_route=\/wp\/v2\/types\/post"}],"author":[{"embeddable":true,"href":"https:\/\/elveracruzano.vip\/index.php?rest_route=\/wp\/v2\/users\/4"}],"replies":[{"embeddable":true,"href":"https:\/\/elveracruzano.vip\/index.php?rest_route=%2Fwp%2Fv2%2Fcomments&post=6671"}],"version-history":[{"count":1,"href":"https:\/\/elveracruzano.vip\/index.php?rest_route=\/wp\/v2\/posts\/6671\/revisions"}],"predecessor-version":[{"id":6673,"href":"https:\/\/elveracruzano.vip\/index.php?rest_route=\/wp\/v2\/posts\/6671\/revisions\/6673"}],"wp:featuredmedia":[{"embeddable":true,"href":"https:\/\/elveracruzano.vip\/index.php?rest_route=\/wp\/v2\/media\/6672"}],"wp:attachment":[{"href":"https:\/\/elveracruzano.vip\/index.php?rest_route=%2Fwp%2Fv2%2Fmedia&parent=6671"}],"wp:term":[{"taxonomy":"category","embeddable":true,"href":"https:\/\/elveracruzano.vip\/index.php?rest_route=%2Fwp%2Fv2%2Fcategories&post=6671"},{"taxonomy":"post_tag","embeddable":true,"href":"https:\/\/elveracruzano.vip\/index.php?rest_route=%2Fwp%2Fv2%2Ftags&post=6671"}],"curies":[{"name":"wp","href":"https:\/\/api.w.org\/{rel}","templated":true}]}}