{"id":661,"date":"2022-01-20T13:27:00","date_gmt":"2022-01-20T19:27:00","guid":{"rendered":"http:\/\/elveracruzano.vip\/?p=661"},"modified":"2022-01-20T11:31:13","modified_gmt":"2022-01-20T17:31:13","slug":"invita-gobierno-de-veracruz-a-vivir-las-tradiciones-de-las-fiestas-de-la-candelaria-2022-en-tlacotalpan","status":"publish","type":"post","link":"https:\/\/elveracruzano.vip\/?p=661","title":{"rendered":"Invita gobierno de Veracruz a vivir las tradiciones de las Fiestas de La Candelaria 2022 en Tlacotalpan"},"content":{"rendered":"\n<p class=\"wp-block-paragraph\"><strong>#GobiernoDeVeracruz<\/strong>.- Al presentar las Fiestas de La Candelaria 2022 en la Casa de Representaci\u00f3n del Gobierno de Veracruz en la CDMX, la Secretar\u00eda de Turismo y Cultura (SECTUR) garantiz\u00f3 que Tlacotalpan est\u00e1 preparado en cuestiones sanitarias y log\u00edsticas para recibir a los turistas del 27 de enero al 09 de febrero.<\/p>\n\n\n\n<p class=\"wp-block-paragraph\">En rueda de prensa, la titular, Xochitl Arbes\u00fa Lago, inform\u00f3 que la ciudad declarada Patrimonio Cultural de la Humanidad ofrece hospedaje suficiente; adem\u00e1s, habr\u00e1 transporte a precios accesibles desde y hacia Veracruz, para que nadie se quede sin disfrutar de esta tradici\u00f3n con 245 a\u00f1os de antig\u00fcedad. La empresa de autobuses ADO ampliar\u00e1 operaciones con 15 corridas, m\u00e1s el servicio intermedio de TRV.<\/p>\n\n\n\n<p class=\"wp-block-paragraph\">El alcalde de Tlacotalpan, Luis Medina Aguirre, reiter\u00f3 el agradecimiento a la Administraci\u00f3n estatal; \u201csomos un gobierno que va iniciando, pero aliados del Gobierno del Estado; contamos con todo su respaldo\u201d para la realizaci\u00f3n de una de las celebraciones m\u00e1s importantes en Veracruz, reconocida en M\u00e9xico y el mundo.<\/p>\n\n\n\n<p class=\"wp-block-paragraph\">Se\u00f1al\u00f3 que para evitar contagios y garantizar la integridad de los asistentes cuidar\u00e1n un aforo m\u00e1ximo del 70 por ciento en eventos masivos. Tocante a movilidad, a\u00f1adi\u00f3 a lo dicho por la Secretaria que ADO confirm\u00f3 salidas de Tlacotalpan a Xalapa y Coatzacoalcos, aunque los horarios ser\u00e1n anunciados pr\u00f3ximamente.<\/p>\n\n\n\n<p class=\"wp-block-paragraph\"><strong>#ElVeracruzanoVip<\/strong><\/p>\n","protected":false},"excerpt":{"rendered":"<p>#GobiernoDeVeracruz.- Al presentar las Fiestas de La Candelaria 2022 en la Casa de Representaci\u00f3n del Gobierno de Veracruz en la<\/p>\n","protected":false},"author":4,"featured_media":0,"comment_status":"open","ping_status":"open","sticky":false,"template":"","format":"standard","meta":{"colormag_page_container_layout":"default_layout","colormag_page_sidebar_layout":"default_layout","rop_custom_images_group":[],"rop_custom_messages_group":[],"rop_publish_now":"initial","rop_publish_now_accounts":{"facebook_109133384920963_108472061465099":""},"rop_publish_now_history":[],"rop_publish_now_status":"pending","footnotes":""},"categories":[16],"tags":[26,20,18,19,21,23,22],"class_list":["post-661","post","type-post","status-publish","format-standard","hentry","category-ultima-hora","tag-el-veracruzano-vip","tag-enterate","tag-gobierno-del-estado-de-veracruz","tag-redes-sociales","tag-ultima-hora","tag-ultimas-noticias","tag-ultimo-minuto"],"_links":{"self":[{"href":"https:\/\/elveracruzano.vip\/index.php?rest_route=\/wp\/v2\/posts\/661","targetHints":{"allow":["GET"]}}],"collection":[{"href":"https:\/\/elveracruzano.vip\/index.php?rest_route=\/wp\/v2\/posts"}],"about":[{"href":"https:\/\/elveracruzano.vip\/index.php?rest_route=\/wp\/v2\/types\/post"}],"author":[{"embeddable":true,"href":"https:\/\/elveracruzano.vip\/index.php?rest_route=\/wp\/v2\/users\/4"}],"replies":[{"embeddable":true,"href":"https:\/\/elveracruzano.vip\/index.php?rest_route=%2Fwp%2Fv2%2Fcomments&post=661"}],"version-history":[{"count":1,"href":"https:\/\/elveracruzano.vip\/index.php?rest_route=\/wp\/v2\/posts\/661\/revisions"}],"predecessor-version":[{"id":663,"href":"https:\/\/elveracruzano.vip\/index.php?rest_route=\/wp\/v2\/posts\/661\/revisions\/663"}],"wp:attachment":[{"href":"https:\/\/elveracruzano.vip\/index.php?rest_route=%2Fwp%2Fv2%2Fmedia&parent=661"}],"wp:term":[{"taxonomy":"category","embeddable":true,"href":"https:\/\/elveracruzano.vip\/index.php?rest_route=%2Fwp%2Fv2%2Fcategories&post=661"},{"taxonomy":"post_tag","embeddable":true,"href":"https:\/\/elveracruzano.vip\/index.php?rest_route=%2Fwp%2Fv2%2Ftags&post=661"}],"curies":[{"name":"wp","href":"https:\/\/api.w.org\/{rel}","templated":true}]}}