{"id":6591,"date":"2023-09-21T20:32:28","date_gmt":"2023-09-22T02:32:28","guid":{"rendered":"http:\/\/elveracruzano.vip\/?p=6591"},"modified":"2023-09-21T20:32:45","modified_gmt":"2023-09-22T02:32:45","slug":"en-coatepec-da-inicio-la-construccion-de-una-nueva-aula-en-la-escuela-primaria-enrique-c-rebsamen-raymundoandradr-gobcoatepec","status":"publish","type":"post","link":"https:\/\/elveracruzano.vip\/?p=6591","title":{"rendered":"En Coatepec, da inicio la construcci\u00f3n de nueva aula en la Escuela Primaria Enrique C. R\u00e9bsamen \/ @RaymundoAndradR @GobCoatepec >>>"},"content":{"rendered":"\n<p><strong>#Coatepec, #Ver.-<\/strong> Se dio el banderazo de inicio de obra para la construcci\u00f3n de una nueva aula en la Escuela Primaria Enrique C. R\u00e9bsamen, perteneciente al municipio. <\/p>\n\n\n\n<p>Este proyecto tendr\u00e1 un monto total de $1,036,617.27 pesos, la cual beneficiar\u00e1 directamente a 365 alumnos, mejorando su calidad educativa y ambiente de estudio.<\/p>\n\n\n\n<p>Estuvieron presentes el Alcalde Raymundo Andrade Rivera, la Regidora Segunda, Tizania Quijada L\u00f3pez; la Regidora Cuarta, Sof\u00eda Leticia Viveros Colorado y el Regidor S\u00e9ptimo, Herman Sinecio Velasco Lince.<\/p>\n\n\n\n<p><strong>#ElVeracruzanoVIP &#8211; <\/strong><a href=\"https:\/\/www.facebook.com\/ElVeracruzanoVIP\/\">El Veracruzano VIP<\/a><\/p>\n","protected":false},"excerpt":{"rendered":"<p>#Coatepec, #Ver.- Se dio el banderazo de inicio de obra para la construcci\u00f3n de una nueva aula en la Escuela<\/p>\n","protected":false},"author":4,"featured_media":6592,"comment_status":"open","ping_status":"open","sticky":false,"template":"","format":"standard","meta":{"colormag_page_container_layout":"default_layout","colormag_page_sidebar_layout":"default_layout","rop_custom_images_group":[],"rop_custom_messages_group":[],"rop_publish_now":"initial","rop_publish_now_accounts":{"facebook_109133384920963_108472061465099":""},"rop_publish_now_history":[],"rop_publish_now_status":"pending","footnotes":""},"categories":[10],"tags":[20,83,73,19,21],"class_list":["post-6591","post","type-post","status-publish","format-standard","has-post-thumbnail","hentry","category-municipios","tag-enterate","tag-gobierno-municipal-de-coatepec","tag-raymundo-andrade-rivera","tag-redes-sociales","tag-ultima-hora"],"_links":{"self":[{"href":"https:\/\/elveracruzano.vip\/index.php?rest_route=\/wp\/v2\/posts\/6591","targetHints":{"allow":["GET"]}}],"collection":[{"href":"https:\/\/elveracruzano.vip\/index.php?rest_route=\/wp\/v2\/posts"}],"about":[{"href":"https:\/\/elveracruzano.vip\/index.php?rest_route=\/wp\/v2\/types\/post"}],"author":[{"embeddable":true,"href":"https:\/\/elveracruzano.vip\/index.php?rest_route=\/wp\/v2\/users\/4"}],"replies":[{"embeddable":true,"href":"https:\/\/elveracruzano.vip\/index.php?rest_route=%2Fwp%2Fv2%2Fcomments&post=6591"}],"version-history":[{"count":2,"href":"https:\/\/elveracruzano.vip\/index.php?rest_route=\/wp\/v2\/posts\/6591\/revisions"}],"predecessor-version":[{"id":6594,"href":"https:\/\/elveracruzano.vip\/index.php?rest_route=\/wp\/v2\/posts\/6591\/revisions\/6594"}],"wp:featuredmedia":[{"embeddable":true,"href":"https:\/\/elveracruzano.vip\/index.php?rest_route=\/wp\/v2\/media\/6592"}],"wp:attachment":[{"href":"https:\/\/elveracruzano.vip\/index.php?rest_route=%2Fwp%2Fv2%2Fmedia&parent=6591"}],"wp:term":[{"taxonomy":"category","embeddable":true,"href":"https:\/\/elveracruzano.vip\/index.php?rest_route=%2Fwp%2Fv2%2Fcategories&post=6591"},{"taxonomy":"post_tag","embeddable":true,"href":"https:\/\/elveracruzano.vip\/index.php?rest_route=%2Fwp%2Fv2%2Ftags&post=6591"}],"curies":[{"name":"wp","href":"https:\/\/api.w.org\/{rel}","templated":true}]}}