{"id":6567,"date":"2023-09-21T19:54:37","date_gmt":"2023-09-22T01:54:37","guid":{"rendered":"http:\/\/elveracruzano.vip\/?p=6567"},"modified":"2023-09-21T19:54:39","modified_gmt":"2023-09-22T01:54:39","slug":"gobierno-de-mexico-atiende-y-protege-a-personas-migrantes-en-transito-presidente-lopezobrador_-gobiernomx","status":"publish","type":"post","link":"https:\/\/elveracruzano.vip\/?p=6567","title":{"rendered":"Gobierno de M\u00e9xico atiende y protege a personas migrantes en tr\u00e1nsito: presidente \/ @lopezobrador_ @GobiernoMX >>>"},"content":{"rendered":"\n<p><strong>#GobiernoDeM\u00e9xico.-&nbsp;<\/strong>El presidente Andr\u00e9s Manuel L\u00f3pez Obrador afirm\u00f3 que las personas migrantes en tr\u00e1nsito reciben por parte del Gobierno de M\u00e9xico protecci\u00f3n, atenci\u00f3n m\u00e9dica, alimentaci\u00f3n y servicio de albergue.<\/p>\n\n\n\n<p>Adem\u00e1s, dijo, la estrategia de atenci\u00f3n a la migraci\u00f3n se centra en ofrecer oportunidades de trabajo en obras estrat\u00e9gicas como el&nbsp;<strong>Tren Maya<\/strong>, sin embargo, optan por seguir su camino hacia Estados Unidos.<\/p>\n\n\n\n<p>Con el prop\u00f3sito de seguir trabajando en soluciones al fen\u00f3meno migratorio, el mandatario destac\u00f3 que se re\u00fane cada 15 d\u00edas con las secretarias de Relaciones Exteriores, Alicia B\u00e1rcena Ibarra y de Seguridad y Protecci\u00f3n Ciudadana, Rosa Icela Rodr\u00edguez Vel\u00e1zquez; los secretarios de la Defensa Nacional, Luis Cresencio Sandoval Gonz\u00e1lez, y de Marina, Jos\u00e9 Rafael Ojeda Dur\u00e1n; la gobernadora de Campeche, Layda Sansores San Rom\u00e1n y los gobernadores de Chiapas, Rutilio Escand\u00f3n Cadenas; de Tabasco, Carlos Manuel Merino Campos; de Veracruz, Cuitl\u00e1huac Garc\u00eda Jim\u00e9nez y de Oaxaca, Salom\u00f3n Jara Cruz.<\/p>\n\n\n\n<p>Simult\u00e1neamente, el Gobierno de la Cuarta Transformaci\u00f3n atiende las causas de la migraci\u00f3n mediante oportunidades de trabajo y estudio.<\/p>\n\n\n\n<p>En El Salvador, Honduras, Belice, Guatemala, Cuba y Ecuador impulsa la implementaci\u00f3n de dos&nbsp;Programas para el Bienestar:&nbsp;Sembrando Vida&nbsp;y&nbsp;J\u00f3venes Construyendo el Futuro. Ambas iniciativas han dado&nbsp;resultados; el principal, la disminuci\u00f3n del flujo migratorio con destino a Estados Unidos.<\/p>\n\n\n\n<p>En lo que se refiere al propio pa\u00eds, dijo que \u201cM\u00e9xico es de los pa\u00edses del mundo \u2014y eso ojal\u00e1 y lo destaquen\u2014 con menos desempleo; o sea, nuestro pa\u00eds tiene una econom\u00eda en crecimiento por la estrategia que hemos aplicado de pol\u00edtica econ\u00f3mica\u201d.<\/p>\n\n\n\n<p><strong>#ElVeracruzanoVIP &#8211; <\/strong><a href=\"https:\/\/www.facebook.com\/ElVeracruzanoVIP\/\">El Veracruzano VIP<\/a><\/p>\n","protected":false},"excerpt":{"rendered":"<p>#GobiernoDeM\u00e9xico.-&nbsp;El presidente Andr\u00e9s Manuel L\u00f3pez Obrador afirm\u00f3 que las personas migrantes en tr\u00e1nsito reciben por parte del Gobierno de M\u00e9xico<\/p>\n","protected":false},"author":4,"featured_media":6568,"comment_status":"open","ping_status":"open","sticky":false,"template":"","format":"standard","meta":{"colormag_page_container_layout":"default_layout","colormag_page_sidebar_layout":"default_layout","rop_custom_images_group":[],"rop_custom_messages_group":[],"rop_publish_now":"initial","rop_publish_now_accounts":{"facebook_109133384920963_108472061465099":""},"rop_publish_now_history":[],"rop_publish_now_status":"pending","footnotes":""},"categories":[13],"tags":[28,20,29,19,21],"class_list":["post-6567","post","type-post","status-publish","format-standard","has-post-thumbnail","hentry","category-principales","tag-andres-manuel-lopez-obrado","tag-enterate","tag-gobierno-de-mexico","tag-redes-sociales","tag-ultima-hora"],"_links":{"self":[{"href":"https:\/\/elveracruzano.vip\/index.php?rest_route=\/wp\/v2\/posts\/6567","targetHints":{"allow":["GET"]}}],"collection":[{"href":"https:\/\/elveracruzano.vip\/index.php?rest_route=\/wp\/v2\/posts"}],"about":[{"href":"https:\/\/elveracruzano.vip\/index.php?rest_route=\/wp\/v2\/types\/post"}],"author":[{"embeddable":true,"href":"https:\/\/elveracruzano.vip\/index.php?rest_route=\/wp\/v2\/users\/4"}],"replies":[{"embeddable":true,"href":"https:\/\/elveracruzano.vip\/index.php?rest_route=%2Fwp%2Fv2%2Fcomments&post=6567"}],"version-history":[{"count":1,"href":"https:\/\/elveracruzano.vip\/index.php?rest_route=\/wp\/v2\/posts\/6567\/revisions"}],"predecessor-version":[{"id":6569,"href":"https:\/\/elveracruzano.vip\/index.php?rest_route=\/wp\/v2\/posts\/6567\/revisions\/6569"}],"wp:featuredmedia":[{"embeddable":true,"href":"https:\/\/elveracruzano.vip\/index.php?rest_route=\/wp\/v2\/media\/6568"}],"wp:attachment":[{"href":"https:\/\/elveracruzano.vip\/index.php?rest_route=%2Fwp%2Fv2%2Fmedia&parent=6567"}],"wp:term":[{"taxonomy":"category","embeddable":true,"href":"https:\/\/elveracruzano.vip\/index.php?rest_route=%2Fwp%2Fv2%2Fcategories&post=6567"},{"taxonomy":"post_tag","embeddable":true,"href":"https:\/\/elveracruzano.vip\/index.php?rest_route=%2Fwp%2Fv2%2Ftags&post=6567"}],"curies":[{"name":"wp","href":"https:\/\/api.w.org\/{rel}","templated":true}]}}