{"id":6550,"date":"2023-09-19T19:51:52","date_gmt":"2023-09-20T01:51:52","guid":{"rendered":"http:\/\/elveracruzano.vip\/?p=6550"},"modified":"2023-09-19T19:51:54","modified_gmt":"2023-09-20T01:51:54","slug":"tlapacoyan-ejemplo-de-transformacion-a-favor-de-la-sociedad-cuitlahuacgj-gobiernover","status":"publish","type":"post","link":"https:\/\/elveracruzano.vip\/?p=6550","title":{"rendered":"Tlapacoyan, ejemplo de transformaci\u00f3n a favor de la sociedad \/ @CuitlahuacGJ @GobiernoVer >>>"},"content":{"rendered":"\n<p><strong>#GobiernoDeVeracruz.- <\/strong>El Gobierno de Veracruz, en estrecha colaboraci\u00f3n con el Ayuntamiento de Tlapacoyan, impulsa diversas acciones en el marco de la estrategia nacional de reconciliaci\u00f3n y paz social, atendiendo principalmente las causas que generan la violencia para que la poblaci\u00f3n no caiga en desesperaci\u00f3n y tenga alternativas de esparcimiento y desarrollo.<\/p>\n\n\n\n<p>El gobernador Cuitl\u00e1huac Garc\u00eda Jim\u00e9nez enfatiz\u00f3 la base sustancial que representan los apoyos directos de los programas federales implementados por el presidente Andr\u00e9s Manuel L\u00f3pez Obrador, de tal forma que corresponde a las administraciones locales mejorar los espacios p\u00fablicos.<\/p>\n\n\n\n<p>\u201cA mediano y a largo plazo vamos a tener resultados; la pol\u00edtica de transformaci\u00f3n que fue cuestionada en sus inicios manda un mensaje claro: disminuye la pobreza extrema mediante la atenci\u00f3n integral de la gente y empiezan a disminuir tambi\u00e9n los homicidios\u201d, afirm\u00f3 en conferencia de prensa.<\/p>\n\n\n\n<p>El alcalde Salvador Murrieta Moreno destac\u00f3 la reparaci\u00f3n de la carretera Tlapacoyan-Plan de Arroyos por parte de la Secretar\u00eda de Infraestructura y Obras P\u00fablicas, cuya inversi\u00f3n ascendi\u00f3 a 4 millones 198 mil pesos en beneficio directo de 39 mil 280 habitantes, principalmente productores de pl\u00e1tano, pimienta, caf\u00e9 y c\u00edtricos.<\/p>\n\n\n\n<p>Otras intervenciones de gran magnitud y alcance son la pavimentaci\u00f3n en la avenida principal de La Palmilla, la segunda localidad m\u00e1s poblada del municipio con 5 mil personas, y la v\u00eda de acceso e iluminaci\u00f3n de la Unidad Deportiva Mario Ar\u00e1mburo Desoche, ambas con una inversi\u00f3n de 7 millones 964 mil pesos. Sumado a ello, este a\u00f1o inician los trabajos del circuito entre las comunidades Ixtahuaco, Echeverr\u00eda y San Pedro.<\/p>\n\n\n\n<p>El presidente municipal agradeci\u00f3 la jornada de atenci\u00f3n ciudadana del Gobierno estatal que brind\u00f3 servicios a cerca de 5 mil habitantes; adem\u00e1s de la habilitaci\u00f3n de la Oficina de Hacienda del Estado y la modernizaci\u00f3n del Registro Civil, que mensualmente atiende a 2 mil usuarios.<\/p>\n\n\n\n<p><strong>#ElVeracruzanoVIP &#8211; <\/strong><a href=\"https:\/\/www.facebook.com\/ElVeracruzanoVIP\/\">El Veracruzano VIP<\/a><\/p>\n","protected":false},"excerpt":{"rendered":"<p>#GobiernoDeVeracruz.- El Gobierno de Veracruz, en estrecha colaboraci\u00f3n con el Ayuntamiento de Tlapacoyan, impulsa diversas acciones en el marco de<\/p>\n","protected":false},"author":4,"featured_media":6551,"comment_status":"open","ping_status":"open","sticky":false,"template":"","format":"standard","meta":{"colormag_page_container_layout":"default_layout","colormag_page_sidebar_layout":"default_layout","rop_custom_images_group":[],"rop_custom_messages_group":[],"rop_publish_now":"initial","rop_publish_now_accounts":{"facebook_109133384920963_108472061465099":""},"rop_publish_now_history":[],"rop_publish_now_status":"pending","footnotes":""},"categories":[16],"tags":[17,20,18,19,21],"class_list":["post-6550","post","type-post","status-publish","format-standard","has-post-thumbnail","hentry","category-ultima-hora","tag-cuitlahuac-garcia-jimenez","tag-enterate","tag-gobierno-del-estado-de-veracruz","tag-redes-sociales","tag-ultima-hora"],"_links":{"self":[{"href":"https:\/\/elveracruzano.vip\/index.php?rest_route=\/wp\/v2\/posts\/6550","targetHints":{"allow":["GET"]}}],"collection":[{"href":"https:\/\/elveracruzano.vip\/index.php?rest_route=\/wp\/v2\/posts"}],"about":[{"href":"https:\/\/elveracruzano.vip\/index.php?rest_route=\/wp\/v2\/types\/post"}],"author":[{"embeddable":true,"href":"https:\/\/elveracruzano.vip\/index.php?rest_route=\/wp\/v2\/users\/4"}],"replies":[{"embeddable":true,"href":"https:\/\/elveracruzano.vip\/index.php?rest_route=%2Fwp%2Fv2%2Fcomments&post=6550"}],"version-history":[{"count":1,"href":"https:\/\/elveracruzano.vip\/index.php?rest_route=\/wp\/v2\/posts\/6550\/revisions"}],"predecessor-version":[{"id":6552,"href":"https:\/\/elveracruzano.vip\/index.php?rest_route=\/wp\/v2\/posts\/6550\/revisions\/6552"}],"wp:featuredmedia":[{"embeddable":true,"href":"https:\/\/elveracruzano.vip\/index.php?rest_route=\/wp\/v2\/media\/6551"}],"wp:attachment":[{"href":"https:\/\/elveracruzano.vip\/index.php?rest_route=%2Fwp%2Fv2%2Fmedia&parent=6550"}],"wp:term":[{"taxonomy":"category","embeddable":true,"href":"https:\/\/elveracruzano.vip\/index.php?rest_route=%2Fwp%2Fv2%2Fcategories&post=6550"},{"taxonomy":"post_tag","embeddable":true,"href":"https:\/\/elveracruzano.vip\/index.php?rest_route=%2Fwp%2Fv2%2Ftags&post=6550"}],"curies":[{"name":"wp","href":"https:\/\/api.w.org\/{rel}","templated":true}]}}