{"id":6516,"date":"2023-09-14T18:09:33","date_gmt":"2023-09-15T00:09:33","guid":{"rendered":"http:\/\/elveracruzano.vip\/?p=6516"},"modified":"2023-09-14T18:09:35","modified_gmt":"2023-09-15T00:09:35","slug":"importante-celebrar-independencia-de-mexico-y-soberania-este-15-de-septiembre-presidente-lopezobrador_-gobiernomx","status":"publish","type":"post","link":"https:\/\/elveracruzano.vip\/?p=6516","title":{"rendered":"Importante, celebrar Independencia de M\u00e9xico y soberan\u00eda este 15 de septiembre: presidente \/ @lopezobrador_ @GobiernoMX >>>"},"content":{"rendered":"\n<p><strong>#GobiernoDeM\u00e9xico.-&nbsp;<\/strong>El presidente Andr\u00e9s Manuel L\u00f3pez Obrador reiter\u00f3 la invitaci\u00f3n al pueblo para asistir este 15 de septiembre al Z\u00f3calo de la Ciudad de M\u00e9xico a la&nbsp;conmemoraci\u00f3n de la Independencia de M\u00e9xico.<\/p>\n\n\n\n<p>La fiesta c\u00edvica iniciar\u00e1 a las 19:00 horas con la participaci\u00f3n de 890 ni\u00f1as, ni\u00f1os y j\u00f3venes de Semilleros Creativos, iniciativa de la Secretar\u00eda de Cultura, quienes ofrecer\u00e1n un concierto en colaboraci\u00f3n con Yahritza y su Esencia.<\/p>\n\n\n\n<p>\u201cEs todo un espect\u00e1culo porque representan a todo M\u00e9xico y vienen hasta de los pueblos m\u00e1s apartados, entonces van a estar actuando con sus maestras, maestros, que son artistas consagrados\u201d, enfatiz\u00f3.<\/p>\n\n\n\n<p>Grupo Frontera amenizar\u00e1 el festejo de 22:00 a 23:00 horas. Posteriormente, comenzar\u00e1 la ceremonia oficial del 213 Aniversario del Grito de Independencia.<\/p>\n\n\n\n<p>\u201cEst\u00e1n todas, todos invitados en familia, porque hay tranquilidad, seguridad; puede venir toda la familia y es muy bueno que vengan los ni\u00f1os para que no dejen de asimilar, de internalizar la importancia de nuestra independencia como pa\u00eds, nuestra soberan\u00eda, nuestro patriotismo, todo eso que es muy importante. (\u2026) Vamos todos a gritar: \u2018\u00a1Viva M\u00e9xico!, \u00a1viva nuestro querido M\u00e9xico, nuestro M\u00e9xico lindo y querido!\u2019\u201d, expres\u00f3 el mandatario.<\/p>\n\n\n\n<p><strong>#ElVeracruzanoVIP &#8211; <\/strong><a href=\"https:\/\/www.facebook.com\/ElVeracruzanoVIP\/\">El Veracruzano VIP<\/a><\/p>\n","protected":false},"excerpt":{"rendered":"<p>#GobiernoDeM\u00e9xico.-&nbsp;El presidente Andr\u00e9s Manuel L\u00f3pez Obrador reiter\u00f3 la invitaci\u00f3n al pueblo para asistir este 15 de septiembre al Z\u00f3calo de<\/p>\n","protected":false},"author":4,"featured_media":6517,"comment_status":"open","ping_status":"open","sticky":false,"template":"","format":"standard","meta":{"colormag_page_container_layout":"default_layout","colormag_page_sidebar_layout":"default_layout","rop_custom_images_group":[],"rop_custom_messages_group":[],"rop_publish_now":"initial","rop_publish_now_accounts":{"facebook_109133384920963_108472061465099":""},"rop_publish_now_history":[],"rop_publish_now_status":"pending","footnotes":""},"categories":[13],"tags":[17,20,18,19,21],"class_list":["post-6516","post","type-post","status-publish","format-standard","has-post-thumbnail","hentry","category-principales","tag-cuitlahuac-garcia-jimenez","tag-enterate","tag-gobierno-del-estado-de-veracruz","tag-redes-sociales","tag-ultima-hora"],"_links":{"self":[{"href":"https:\/\/elveracruzano.vip\/index.php?rest_route=\/wp\/v2\/posts\/6516","targetHints":{"allow":["GET"]}}],"collection":[{"href":"https:\/\/elveracruzano.vip\/index.php?rest_route=\/wp\/v2\/posts"}],"about":[{"href":"https:\/\/elveracruzano.vip\/index.php?rest_route=\/wp\/v2\/types\/post"}],"author":[{"embeddable":true,"href":"https:\/\/elveracruzano.vip\/index.php?rest_route=\/wp\/v2\/users\/4"}],"replies":[{"embeddable":true,"href":"https:\/\/elveracruzano.vip\/index.php?rest_route=%2Fwp%2Fv2%2Fcomments&post=6516"}],"version-history":[{"count":1,"href":"https:\/\/elveracruzano.vip\/index.php?rest_route=\/wp\/v2\/posts\/6516\/revisions"}],"predecessor-version":[{"id":6518,"href":"https:\/\/elveracruzano.vip\/index.php?rest_route=\/wp\/v2\/posts\/6516\/revisions\/6518"}],"wp:featuredmedia":[{"embeddable":true,"href":"https:\/\/elveracruzano.vip\/index.php?rest_route=\/wp\/v2\/media\/6517"}],"wp:attachment":[{"href":"https:\/\/elveracruzano.vip\/index.php?rest_route=%2Fwp%2Fv2%2Fmedia&parent=6516"}],"wp:term":[{"taxonomy":"category","embeddable":true,"href":"https:\/\/elveracruzano.vip\/index.php?rest_route=%2Fwp%2Fv2%2Fcategories&post=6516"},{"taxonomy":"post_tag","embeddable":true,"href":"https:\/\/elveracruzano.vip\/index.php?rest_route=%2Fwp%2Fv2%2Ftags&post=6516"}],"curies":[{"name":"wp","href":"https:\/\/api.w.org\/{rel}","templated":true}]}}