{"id":6506,"date":"2023-09-12T18:17:25","date_gmt":"2023-09-13T00:17:25","guid":{"rendered":"http:\/\/elveracruzano.vip\/?p=6506"},"modified":"2023-09-12T18:17:27","modified_gmt":"2023-09-13T00:17:27","slug":"en-guerrero-municipio-de-acapulco-previene-y-atiende-la-violencia-contra-la-mujer-abelinalopezr-acapulco","status":"publish","type":"post","link":"https:\/\/elveracruzano.vip\/?p=6506","title":{"rendered":"En Guerrero, municipio de Acapulco previene y atiende la violencia contra la mujer \/ @AbelinaLopezR @Acapulco >>>"},"content":{"rendered":"\n<p><strong>#Acapulco, #Gro.-<\/strong>&nbsp;Se realiz\u00f3 la Cuarta Sesi\u00f3n Extraordinaria del Sistema Municipal de Acapulco para prevenir, atender, sancionar y erradicar la violencia contra la mujer.<\/p>\n\n\n\n<p>\u00abUna de las convicciones de la administraci\u00f3n que me honro en dirigir es la de retirar la alerta de g\u00e9nero con la que recibimos el municipio pero con el firme objetivo de garantizar la tranquilidad y seguridad de las mujeres, tema en el que se trabaja desde las diferentes \u00e1reas del gobierno y en colaboraci\u00f3n interinstitucional con las autoridades estatales y federales\u00bb destac\u00f3 la alcaldesa de Acapulco, Abelina L\u00f3pez Rodr\u00edguez.<\/p>\n\n\n\n<p><strong>#ElVeracruzanoVIP &#8211; <\/strong><a href=\"https:\/\/www.facebook.com\/ElVeracruzanoVIP\/\">El Veracruzano VIP<\/a><\/p>\n","protected":false},"excerpt":{"rendered":"<p>#Acapulco, #Gro.-&nbsp;Se realiz\u00f3 la Cuarta Sesi\u00f3n Extraordinaria del Sistema Municipal de Acapulco para prevenir, atender, sancionar y erradicar la violencia<\/p>\n","protected":false},"author":4,"featured_media":6507,"comment_status":"open","ping_status":"open","sticky":false,"template":"","format":"standard","meta":{"colormag_page_container_layout":"default_layout","colormag_page_sidebar_layout":"default_layout","rop_custom_images_group":[],"rop_custom_messages_group":[],"rop_publish_now":"initial","rop_publish_now_accounts":{"facebook_109133384920963_108472061465099":""},"rop_publish_now_history":[],"rop_publish_now_status":"pending","footnotes":""},"categories":[12],"tags":[94,67,20,19,21],"class_list":["post-6506","post","type-post","status-publish","format-standard","has-post-thumbnail","hentry","category-municipios-en-mexico","tag-abelina-lopez-rodriguez","tag-acapulco","tag-enterate","tag-redes-sociales","tag-ultima-hora"],"_links":{"self":[{"href":"https:\/\/elveracruzano.vip\/index.php?rest_route=\/wp\/v2\/posts\/6506","targetHints":{"allow":["GET"]}}],"collection":[{"href":"https:\/\/elveracruzano.vip\/index.php?rest_route=\/wp\/v2\/posts"}],"about":[{"href":"https:\/\/elveracruzano.vip\/index.php?rest_route=\/wp\/v2\/types\/post"}],"author":[{"embeddable":true,"href":"https:\/\/elveracruzano.vip\/index.php?rest_route=\/wp\/v2\/users\/4"}],"replies":[{"embeddable":true,"href":"https:\/\/elveracruzano.vip\/index.php?rest_route=%2Fwp%2Fv2%2Fcomments&post=6506"}],"version-history":[{"count":1,"href":"https:\/\/elveracruzano.vip\/index.php?rest_route=\/wp\/v2\/posts\/6506\/revisions"}],"predecessor-version":[{"id":6508,"href":"https:\/\/elveracruzano.vip\/index.php?rest_route=\/wp\/v2\/posts\/6506\/revisions\/6508"}],"wp:featuredmedia":[{"embeddable":true,"href":"https:\/\/elveracruzano.vip\/index.php?rest_route=\/wp\/v2\/media\/6507"}],"wp:attachment":[{"href":"https:\/\/elveracruzano.vip\/index.php?rest_route=%2Fwp%2Fv2%2Fmedia&parent=6506"}],"wp:term":[{"taxonomy":"category","embeddable":true,"href":"https:\/\/elveracruzano.vip\/index.php?rest_route=%2Fwp%2Fv2%2Fcategories&post=6506"},{"taxonomy":"post_tag","embeddable":true,"href":"https:\/\/elveracruzano.vip\/index.php?rest_route=%2Fwp%2Fv2%2Ftags&post=6506"}],"curies":[{"name":"wp","href":"https:\/\/api.w.org\/{rel}","templated":true}]}}