{"id":6503,"date":"2023-09-12T18:16:18","date_gmt":"2023-09-13T00:16:18","guid":{"rendered":"http:\/\/elveracruzano.vip\/?p=6503"},"modified":"2023-09-12T18:16:19","modified_gmt":"2023-09-13T00:16:19","slug":"mas-de-3-mil-500-toneladas-de-basura-ya-son-tratadas-adecuadamente-en-veracruz-cuitlahuacgj-gobiernover","status":"publish","type":"post","link":"https:\/\/elveracruzano.vip\/?p=6503","title":{"rendered":"M\u00e1s de 3 mil 500 toneladas de basura ya son tratadas adecuadamente en Veracruz \/ @CuitlahuacGJ @GobiernoVer >>>"},"content":{"rendered":"\n<p><strong>#GobiernoDeVeracruz.-<\/strong> Al inicio de la administraci\u00f3n no exist\u00eda un solo relleno sanitario que cumpliera la norma de operaci\u00f3n; hoy Veracruz cuenta con ocho sitos de disposici\u00f3n final que permiten manejar adecuadamente 3 mil 780 toneladas diarias de residuos y alcanzar una meta del 60 por ciento en la primera etapa del Plan de Gesti\u00f3n Estatal.<\/p>\n\n\n\n<p>As\u00ed lo dio a conocer el gobernador Cuitl\u00e1huac Garc\u00eda Jim\u00e9nez en conferencia de prensa, donde exhort\u00f3 a la ciudadan\u00eda a producir cada vez menos basura en los hogares, separarla o implementar el uso de materia org\u00e1nica en los jardines, pidiendo a las autoridades municipales contemplar la instalaci\u00f3n de puestos de recepci\u00f3n en los que analicen qu\u00e9 desechos reciclar, reintegrar o confinar.<\/p>\n\n\n\n<p>Esta pol\u00edtica p\u00fablica ha dado como resultado la construcci\u00f3n de dichos espacios regionales en Tuxpan, Tihuatl\u00e1n, Guti\u00e9rrez Zamora, Altotonga, Xalapa, Nogales, Medell\u00edn y San Andr\u00e9s Tuxtla, a los que se sumar\u00e1n cuatro en Tantoyuca, Paso de Ovejas, Oluta y Cosamaloapan, junto a cinco centros de transferencia en Tuxpan, Papantla, Mart\u00ednez de la Torre, \u00c1ngel R. Cabada y Juan Rodr\u00edguez Clara.<\/p>\n\n\n\n<p>Para evitar la contaminaci\u00f3n del suelo son dispuestas macroceldas compactadas y una geomembrana que imposibilita el contacto de los desechos; cuando llueve, el agua escurre a una laguna de lixiviados que impide la filtraci\u00f3n hacia los mantos fre\u00e1ticos, mientras la basura es cubierta con tierra y as\u00ed los gases t\u00f3xicos y de efecto invernadero no afectan el aire que respiramos.<\/p>\n\n\n\n<p><strong>#ElVeracruzanoVIP &#8211; <\/strong><a href=\"https:\/\/www.facebook.com\/ElVeracruzanoVIP\/\">El Veracruzano VIP<\/a><\/p>\n","protected":false},"excerpt":{"rendered":"<p>#GobiernoDeVeracruz.- Al inicio de la administraci\u00f3n no exist\u00eda un solo relleno sanitario que cumpliera la norma de operaci\u00f3n; hoy Veracruz<\/p>\n","protected":false},"author":4,"featured_media":6504,"comment_status":"open","ping_status":"open","sticky":false,"template":"","format":"standard","meta":{"colormag_page_container_layout":"default_layout","colormag_page_sidebar_layout":"default_layout","rop_custom_images_group":[],"rop_custom_messages_group":[],"rop_publish_now":"initial","rop_publish_now_accounts":{"facebook_109133384920963_108472061465099":""},"rop_publish_now_history":[],"rop_publish_now_status":"pending","footnotes":""},"categories":[16],"tags":[17,20,18,19,21],"class_list":["post-6503","post","type-post","status-publish","format-standard","has-post-thumbnail","hentry","category-ultima-hora","tag-cuitlahuac-garcia-jimenez","tag-enterate","tag-gobierno-del-estado-de-veracruz","tag-redes-sociales","tag-ultima-hora"],"_links":{"self":[{"href":"https:\/\/elveracruzano.vip\/index.php?rest_route=\/wp\/v2\/posts\/6503","targetHints":{"allow":["GET"]}}],"collection":[{"href":"https:\/\/elveracruzano.vip\/index.php?rest_route=\/wp\/v2\/posts"}],"about":[{"href":"https:\/\/elveracruzano.vip\/index.php?rest_route=\/wp\/v2\/types\/post"}],"author":[{"embeddable":true,"href":"https:\/\/elveracruzano.vip\/index.php?rest_route=\/wp\/v2\/users\/4"}],"replies":[{"embeddable":true,"href":"https:\/\/elveracruzano.vip\/index.php?rest_route=%2Fwp%2Fv2%2Fcomments&post=6503"}],"version-history":[{"count":1,"href":"https:\/\/elveracruzano.vip\/index.php?rest_route=\/wp\/v2\/posts\/6503\/revisions"}],"predecessor-version":[{"id":6505,"href":"https:\/\/elveracruzano.vip\/index.php?rest_route=\/wp\/v2\/posts\/6503\/revisions\/6505"}],"wp:featuredmedia":[{"embeddable":true,"href":"https:\/\/elveracruzano.vip\/index.php?rest_route=\/wp\/v2\/media\/6504"}],"wp:attachment":[{"href":"https:\/\/elveracruzano.vip\/index.php?rest_route=%2Fwp%2Fv2%2Fmedia&parent=6503"}],"wp:term":[{"taxonomy":"category","embeddable":true,"href":"https:\/\/elveracruzano.vip\/index.php?rest_route=%2Fwp%2Fv2%2Fcategories&post=6503"},{"taxonomy":"post_tag","embeddable":true,"href":"https:\/\/elveracruzano.vip\/index.php?rest_route=%2Fwp%2Fv2%2Ftags&post=6503"}],"curies":[{"name":"wp","href":"https:\/\/api.w.org\/{rel}","templated":true}]}}