{"id":6500,"date":"2023-09-12T18:14:38","date_gmt":"2023-09-13T00:14:38","guid":{"rendered":"http:\/\/elveracruzano.vip\/?p=6500"},"modified":"2023-09-12T18:14:40","modified_gmt":"2023-09-13T00:14:40","slug":"llevara-seguridad-publica-jornada-de-concientizacion-contra-las-adicciones-a-mil-550-estudiantes-cuitlahuacgj-gobiernover","status":"publish","type":"post","link":"https:\/\/elveracruzano.vip\/?p=6500","title":{"rendered":"Llevar\u00e1 Seguridad P\u00fablica jornada de concientizaci\u00f3n contra las adicciones a mil 550 estudiantes \/ @CuitlahuacGJ @GobiernoVer >>>"},"content":{"rendered":"\n<p><strong>#GobiernoDeVeracruz.- <\/strong>M\u00e1s de mil 550 estudiantes de 16 telesecundarias participar\u00e1n en la jornada de prevenci\u00f3n de adicciones y concientizaci\u00f3n afectiva de la Secretar\u00eda de Seguridad P\u00fablica, a partir del 25 de septiembre.<\/p>\n\n\n\n<p>Como parte de la campa\u00f1a\u00a0No te la juegues con las drogas, personal de la dependencia difundir\u00e1 los factores de riesgo a los que se enfrentan los j\u00f3venes al consumir, vender o distribuir sustancias ilegales, as\u00ed como factores de protecci\u00f3n personal que los ponga en riesgo de acabar en la c\u00e1rcel o morir.\u00a0<\/p>\n\n\n\n<p>Las jornadas se realizar\u00e1n en Banderilla, Jilotepec, Tatatila, Tenampa, Totutla, Villa Aldama y Xalapa, con pr\u00e1cticas y actividades de matrogimnasia para fortalecer lazos de uni\u00f3n y cooperaci\u00f3n entre padres e hijos.&nbsp;<\/p>\n\n\n\n<p>Todo esto permitir\u00e1 identificar actitudes o comportamientos vulnerables a fortalecer, as\u00ed como estrechar los v\u00ednculos afectivos por medio de ejercicios gimn\u00e1sticos y actividades recreativas sencillas.<\/p>\n\n\n\n<p><strong>#ElVeracruzanoVIP &#8211; <\/strong><a href=\"https:\/\/www.facebook.com\/ElVeracruzanoVIP\/\">El Veracruzano VIP<\/a><\/p>\n","protected":false},"excerpt":{"rendered":"<p>#GobiernoDeVeracruz.- M\u00e1s de mil 550 estudiantes de 16 telesecundarias participar\u00e1n en la jornada de prevenci\u00f3n de adicciones y concientizaci\u00f3n afectiva<\/p>\n","protected":false},"author":4,"featured_media":6501,"comment_status":"open","ping_status":"open","sticky":false,"template":"","format":"standard","meta":{"colormag_page_container_layout":"default_layout","colormag_page_sidebar_layout":"default_layout","rop_custom_images_group":[],"rop_custom_messages_group":[],"rop_publish_now":"initial","rop_publish_now_accounts":{"facebook_109133384920963_108472061465099":""},"rop_publish_now_history":[],"rop_publish_now_status":"pending","footnotes":""},"categories":[14],"tags":[17,20,18,19,21],"class_list":["post-6500","post","type-post","status-publish","format-standard","has-post-thumbnail","hentry","category-secretarias","tag-cuitlahuac-garcia-jimenez","tag-enterate","tag-gobierno-del-estado-de-veracruz","tag-redes-sociales","tag-ultima-hora"],"_links":{"self":[{"href":"https:\/\/elveracruzano.vip\/index.php?rest_route=\/wp\/v2\/posts\/6500","targetHints":{"allow":["GET"]}}],"collection":[{"href":"https:\/\/elveracruzano.vip\/index.php?rest_route=\/wp\/v2\/posts"}],"about":[{"href":"https:\/\/elveracruzano.vip\/index.php?rest_route=\/wp\/v2\/types\/post"}],"author":[{"embeddable":true,"href":"https:\/\/elveracruzano.vip\/index.php?rest_route=\/wp\/v2\/users\/4"}],"replies":[{"embeddable":true,"href":"https:\/\/elveracruzano.vip\/index.php?rest_route=%2Fwp%2Fv2%2Fcomments&post=6500"}],"version-history":[{"count":1,"href":"https:\/\/elveracruzano.vip\/index.php?rest_route=\/wp\/v2\/posts\/6500\/revisions"}],"predecessor-version":[{"id":6502,"href":"https:\/\/elveracruzano.vip\/index.php?rest_route=\/wp\/v2\/posts\/6500\/revisions\/6502"}],"wp:featuredmedia":[{"embeddable":true,"href":"https:\/\/elveracruzano.vip\/index.php?rest_route=\/wp\/v2\/media\/6501"}],"wp:attachment":[{"href":"https:\/\/elveracruzano.vip\/index.php?rest_route=%2Fwp%2Fv2%2Fmedia&parent=6500"}],"wp:term":[{"taxonomy":"category","embeddable":true,"href":"https:\/\/elveracruzano.vip\/index.php?rest_route=%2Fwp%2Fv2%2Fcategories&post=6500"},{"taxonomy":"post_tag","embeddable":true,"href":"https:\/\/elveracruzano.vip\/index.php?rest_route=%2Fwp%2Fv2%2Ftags&post=6500"}],"curies":[{"name":"wp","href":"https:\/\/api.w.org\/{rel}","templated":true}]}}