{"id":6491,"date":"2023-09-12T18:06:36","date_gmt":"2023-09-13T00:06:36","guid":{"rendered":"http:\/\/elveracruzano.vip\/?p=6491"},"modified":"2023-09-12T18:06:38","modified_gmt":"2023-09-13T00:06:38","slug":"obra-publica-estatal-alcanza-cifra-historica-en-coatzintla-cuitlahuacgj-gobiernover","status":"publish","type":"post","link":"https:\/\/elveracruzano.vip\/?p=6491","title":{"rendered":"Obra p\u00fablica estatal alcanza cifra hist\u00f3rica en Coatzintla \/ @CuitlahuacGJ @GobiernoVer >>>"},"content":{"rendered":"\n<p><strong>#GobiernoDeVeracruz.-<\/strong> En cinco a\u00f1os, el Gobierno de la Cuarta Transformaci\u00f3n ha destinado una cifra cercana a los 200 millones de pesos en obra p\u00fablica para Coatzintla, un hecho hist\u00f3rico para uno de los municipios m\u00e1s poblados de la regi\u00f3n Totonaca.<\/p>\n\n\n\n<p>Este fin de semana inici\u00f3 la primera etapa de construcci\u00f3n de m\u00e1s de 8 mil metros cuadrados de pavimento hidr\u00e1ulico en la avenida Adolfo L\u00f3pez Mateos, modernizaci\u00f3n que requerir\u00e1 al menos 20 millones de pesos para mejorar el flujo vehicular en la salida a Poza Rica.<\/p>\n\n\n\n<p>La inversi\u00f3n se suma a los 60 millones aplicados en la carretera que conduce a la comunidad San Fernando Coapechapa, los 35 destinados al sistema de abasto de agua potable, 20 a la rehabilitaci\u00f3n de caminos sacacosechas, adem\u00e1s de pavimentaciones en pr\u00f3ximas etapas de dichas obras.<\/p>\n\n\n\n<p>Al respecto, el titular de la Secretar\u00eda de Finanzas y Planeaci\u00f3n, Jos\u00e9 Luis Lima Franco, explic\u00f3 que depender\u00e1 de los tiempos en que concluya la primera fase del bulevar, si ser\u00e1 este mismo a\u00f1o o en 2024 cuando inicie la segunda.<\/p>\n\n\n\n<p>Por su parte, el alcalde C\u00e9sar Ulises Garc\u00eda V\u00e1zquez precis\u00f3 que hoy Coatzintla tiene grandes aliados, \u201clos gobiernos federal y estatal, a los que estaremos infinitamente agradecidos\u201d.<\/p>\n\n\n\n<p><strong>#ElVeracruzanoVIP &#8211; <\/strong><a href=\"https:\/\/www.facebook.com\/ElVeracruzanoVIP\/\">El Veracruzano VIP<\/a><\/p>\n","protected":false},"excerpt":{"rendered":"<p>#GobiernoDeVeracruz.- En cinco a\u00f1os, el Gobierno de la Cuarta Transformaci\u00f3n ha destinado una cifra cercana a los 200 millones de<\/p>\n","protected":false},"author":4,"featured_media":6492,"comment_status":"open","ping_status":"open","sticky":false,"template":"","format":"standard","meta":{"colormag_page_container_layout":"default_layout","colormag_page_sidebar_layout":"default_layout","rop_custom_images_group":[],"rop_custom_messages_group":[],"rop_publish_now":"initial","rop_publish_now_accounts":{"facebook_109133384920963_108472061465099":""},"rop_publish_now_history":[],"rop_publish_now_status":"pending","footnotes":""},"categories":[13],"tags":[17,20,18,19,21],"class_list":["post-6491","post","type-post","status-publish","format-standard","has-post-thumbnail","hentry","category-principales","tag-cuitlahuac-garcia-jimenez","tag-enterate","tag-gobierno-del-estado-de-veracruz","tag-redes-sociales","tag-ultima-hora"],"_links":{"self":[{"href":"https:\/\/elveracruzano.vip\/index.php?rest_route=\/wp\/v2\/posts\/6491","targetHints":{"allow":["GET"]}}],"collection":[{"href":"https:\/\/elveracruzano.vip\/index.php?rest_route=\/wp\/v2\/posts"}],"about":[{"href":"https:\/\/elveracruzano.vip\/index.php?rest_route=\/wp\/v2\/types\/post"}],"author":[{"embeddable":true,"href":"https:\/\/elveracruzano.vip\/index.php?rest_route=\/wp\/v2\/users\/4"}],"replies":[{"embeddable":true,"href":"https:\/\/elveracruzano.vip\/index.php?rest_route=%2Fwp%2Fv2%2Fcomments&post=6491"}],"version-history":[{"count":1,"href":"https:\/\/elveracruzano.vip\/index.php?rest_route=\/wp\/v2\/posts\/6491\/revisions"}],"predecessor-version":[{"id":6493,"href":"https:\/\/elveracruzano.vip\/index.php?rest_route=\/wp\/v2\/posts\/6491\/revisions\/6493"}],"wp:featuredmedia":[{"embeddable":true,"href":"https:\/\/elveracruzano.vip\/index.php?rest_route=\/wp\/v2\/media\/6492"}],"wp:attachment":[{"href":"https:\/\/elveracruzano.vip\/index.php?rest_route=%2Fwp%2Fv2%2Fmedia&parent=6491"}],"wp:term":[{"taxonomy":"category","embeddable":true,"href":"https:\/\/elveracruzano.vip\/index.php?rest_route=%2Fwp%2Fv2%2Fcategories&post=6491"},{"taxonomy":"post_tag","embeddable":true,"href":"https:\/\/elveracruzano.vip\/index.php?rest_route=%2Fwp%2Fv2%2Ftags&post=6491"}],"curies":[{"name":"wp","href":"https:\/\/api.w.org\/{rel}","templated":true}]}}