{"id":6472,"date":"2023-09-07T15:44:21","date_gmt":"2023-09-07T21:44:21","guid":{"rendered":"http:\/\/elveracruzano.vip\/?p=6472"},"modified":"2023-09-07T15:44:22","modified_gmt":"2023-09-07T21:44:22","slug":"recibe-poblacion-indigena-historico-apoyo-de-696-mdp-en-programas-sociales-cuitlahuacgj-gobiernover","status":"publish","type":"post","link":"https:\/\/elveracruzano.vip\/?p=6472","title":{"rendered":"Recibe poblaci\u00f3n ind\u00edgena hist\u00f3rico apoyo de 696 mdp en programas sociales \/ @CuitlahuacGJ @GobiernoVer >>>"},"content":{"rendered":"\n<p><strong>#GobiernoDeVeracruz.-<\/strong> La administraci\u00f3n estatal ha beneficiado a 241 mil 857 habitantes de pueblos originarios con m\u00e1s de 60 mil 200 acciones a trav\u00e9s de la Secretar\u00eda de Desarrollo Social, superando los 696 millones de pesos de inversi\u00f3n destinada a uno de los grupos de mayor prioridad.<\/p>\n\n\n\n<p>En el marco del D\u00eda Internacional de la Mujer Ind\u00edgena, celebrado simult\u00e1neamente en 40 municipios del sur y la Huasteca veracruzana, el Gobierno extern\u00f3 el reconocimiento a la labor y el esfuerzo de estas comunidades en la defensa de sus derechos, identidad, territorios y tradiciones, as\u00ed como en la preservaci\u00f3n de sus costumbres, historia y recursos naturales.<\/p>\n\n\n\n<p>Hoy este sector experimenta una mejor\u00eda en su alimentaci\u00f3n y econom\u00eda, gracias a la comercializaci\u00f3n de productos que elaboran o cosechan en familia o peque\u00f1as cooperativas, se\u00f1al\u00f3 el titular de la dependencia, Guillermo Fern\u00e1ndez S\u00e1nchez, al reunirse con mujeres de la cultura t\u00e9nek en la localidad Palma Alta en Tantoyuca.<\/p>\n\n\n\n<p>Durante una gira de trabajo en Tlaltzintla y Azoquitipa, municipio de Benito Ju\u00e1rez, constat\u00f3 la construcci\u00f3n de lo que ser\u00e1n 50 cuartos-dormitorio y 95 pisos firmes para 225 habitantes de siete poblaciones nahuas, tras una inversi\u00f3n de 6.9 millones de pesos; en tanto que otras 224 personas, pero de Tamiahua, recibir\u00e1n 33 cuartos, 72 pisos y 15 ba\u00f1os con biodigestores que suman 5.8 mdp.<\/p>\n\n\n\n<p>\u201cEn un lapso de dos semanas, las familias de estas zonas estar\u00e1n gozando de una vivienda digna y mejorando su calidad de vida\u201d, asegur\u00f3 el encargado de los programas sociales en la entidad, convencido de la importancia de llevar los apoyos a quienes m\u00e1s lo necesitan y as\u00ed abatir los&nbsp; indicadores de pobreza y desigualdad.<\/p>\n\n\n\n<p><strong>#ElVeracruzanoVIP &#8211; <\/strong><a href=\"https:\/\/www.facebook.com\/ElVeracruzanoVIP\/\">El Veracruzano VIP<\/a><\/p>\n","protected":false},"excerpt":{"rendered":"<p>#GobiernoDeVeracruz.- La administraci\u00f3n estatal ha beneficiado a 241 mil 857 habitantes de pueblos originarios con m\u00e1s de 60 mil 200<\/p>\n","protected":false},"author":4,"featured_media":6473,"comment_status":"open","ping_status":"open","sticky":false,"template":"","format":"standard","meta":{"colormag_page_container_layout":"default_layout","colormag_page_sidebar_layout":"default_layout","rop_custom_images_group":[],"rop_custom_messages_group":[],"rop_publish_now":"initial","rop_publish_now_accounts":{"facebook_109133384920963_108472061465099":""},"rop_publish_now_history":[],"rop_publish_now_status":"pending","footnotes":""},"categories":[16],"tags":[17,20,18,19,21],"class_list":["post-6472","post","type-post","status-publish","format-standard","has-post-thumbnail","hentry","category-ultima-hora","tag-cuitlahuac-garcia-jimenez","tag-enterate","tag-gobierno-del-estado-de-veracruz","tag-redes-sociales","tag-ultima-hora"],"_links":{"self":[{"href":"https:\/\/elveracruzano.vip\/index.php?rest_route=\/wp\/v2\/posts\/6472","targetHints":{"allow":["GET"]}}],"collection":[{"href":"https:\/\/elveracruzano.vip\/index.php?rest_route=\/wp\/v2\/posts"}],"about":[{"href":"https:\/\/elveracruzano.vip\/index.php?rest_route=\/wp\/v2\/types\/post"}],"author":[{"embeddable":true,"href":"https:\/\/elveracruzano.vip\/index.php?rest_route=\/wp\/v2\/users\/4"}],"replies":[{"embeddable":true,"href":"https:\/\/elveracruzano.vip\/index.php?rest_route=%2Fwp%2Fv2%2Fcomments&post=6472"}],"version-history":[{"count":1,"href":"https:\/\/elveracruzano.vip\/index.php?rest_route=\/wp\/v2\/posts\/6472\/revisions"}],"predecessor-version":[{"id":6474,"href":"https:\/\/elveracruzano.vip\/index.php?rest_route=\/wp\/v2\/posts\/6472\/revisions\/6474"}],"wp:featuredmedia":[{"embeddable":true,"href":"https:\/\/elveracruzano.vip\/index.php?rest_route=\/wp\/v2\/media\/6473"}],"wp:attachment":[{"href":"https:\/\/elveracruzano.vip\/index.php?rest_route=%2Fwp%2Fv2%2Fmedia&parent=6472"}],"wp:term":[{"taxonomy":"category","embeddable":true,"href":"https:\/\/elveracruzano.vip\/index.php?rest_route=%2Fwp%2Fv2%2Fcategories&post=6472"},{"taxonomy":"post_tag","embeddable":true,"href":"https:\/\/elveracruzano.vip\/index.php?rest_route=%2Fwp%2Fv2%2Ftags&post=6472"}],"curies":[{"name":"wp","href":"https:\/\/api.w.org\/{rel}","templated":true}]}}