{"id":6469,"date":"2023-09-07T15:38:05","date_gmt":"2023-09-07T21:38:05","guid":{"rendered":"http:\/\/elveracruzano.vip\/?p=6469"},"modified":"2023-09-07T15:38:06","modified_gmt":"2023-09-07T21:38:06","slug":"por-buenas-practicas-destacan-34-empresas-con-distintivo-veracruz-a-la-calidad-cuitlahuacgj-gobiernover","status":"publish","type":"post","link":"https:\/\/elveracruzano.vip\/?p=6469","title":{"rendered":"Por buenas pr\u00e1cticas, destacan 34 empresas con Distintivo Veracruz a la Calidad \/ @CuitlahuacGJ @GobiernoVer >>>"},"content":{"rendered":"\n<p><strong>#GobiernoDeVeracruz.-<\/strong> La Secretar\u00eda de Desarrollo Econ\u00f3mico y Portuario (SEDECOP) entreg\u00f3 el Distintivo Veracruz a la Calidad a 34 empresas de diversos sectores como exportadoras de c\u00edtricos, vainilla, caf\u00e9 y especias, de log\u00edstica, despachos aduanales, certificadoras y proveedur\u00eda, con un apoyo econ\u00f3mico individual de 25 mil pesos.<\/p>\n\n\n\n<p>Se trata de un reconocimiento que otorga el Gobierno estatal a negocios que han implementado buenas pr\u00e1cticas en materia de gesti\u00f3n, innovaci\u00f3n, certificaci\u00f3n y competitividad, impulsando la presencia de sus productos y servicios a nivel nacional e internacional.<\/p>\n\n\n\n<p>\u201cEl mundo es muy competitivo y un proveedor debe apegarse a las normas. Hoy damos un peque\u00f1o paso para ayudarles, pero su trabajo es de tan buena calidad que no s\u00f3lo debe quedar en Veracruz, sino llegar a todo el pa\u00eds y al mundo\u201d, afirm\u00f3 el titular de la dependencia, Enrique Nach\u00f3n Garc\u00eda.<\/p>\n\n\n\n<p>Los negocios galardonados cumplieron con rigurosos requisitos establecidos por el programa Empresa Veracruzana de Calidad y, en correspondencia, recibieron acompa\u00f1amiento en sus procesos industriales y de exportaci\u00f3n, as\u00ed como de venta en los canales de la marca Hecho en Veracruz.<\/p>\n\n\n\n<p>Cabe resaltar que dicho esquema ha instruido, s\u00f3lo este a\u00f1o, a m\u00e1s de mil 500 personas en temas de competitividad, sumando en la administraci\u00f3n un total de 10 mil empresarios y emprendedores que transformaron su cultura de calidad y operaci\u00f3n basadas en la satisfacci\u00f3n del cliente.<\/p>\n\n\n\n<p>De esta manera, la SEDECOP contin\u00faa fortaleciendo el mercado interno, la promoci\u00f3n de buenas pr\u00e1cticas, la ampliaci\u00f3n de ofertas exportables y la atracci\u00f3n de inversiones, que den a nuestro estado una mejor posici\u00f3n en el panorama global.<\/p>\n\n\n\n<p><strong>#ElVeracruzanoVIP &#8211; <\/strong><a href=\"https:\/\/www.facebook.com\/ElVeracruzanoVIP\/\">El Veracruzano VIP<\/a><\/p>\n","protected":false},"excerpt":{"rendered":"<p>#GobiernoDeVeracruz.- La Secretar\u00eda de Desarrollo Econ\u00f3mico y Portuario (SEDECOP) entreg\u00f3 el Distintivo Veracruz a la Calidad a 34 empresas de<\/p>\n","protected":false},"author":4,"featured_media":6470,"comment_status":"open","ping_status":"open","sticky":false,"template":"","format":"standard","meta":{"colormag_page_container_layout":"default_layout","colormag_page_sidebar_layout":"default_layout","rop_custom_images_group":[],"rop_custom_messages_group":[],"rop_publish_now":"initial","rop_publish_now_accounts":{"facebook_109133384920963_108472061465099":""},"rop_publish_now_history":[],"rop_publish_now_status":"pending","footnotes":""},"categories":[14],"tags":[17,20,18,19,21],"class_list":["post-6469","post","type-post","status-publish","format-standard","has-post-thumbnail","hentry","category-secretarias","tag-cuitlahuac-garcia-jimenez","tag-enterate","tag-gobierno-del-estado-de-veracruz","tag-redes-sociales","tag-ultima-hora"],"_links":{"self":[{"href":"https:\/\/elveracruzano.vip\/index.php?rest_route=\/wp\/v2\/posts\/6469","targetHints":{"allow":["GET"]}}],"collection":[{"href":"https:\/\/elveracruzano.vip\/index.php?rest_route=\/wp\/v2\/posts"}],"about":[{"href":"https:\/\/elveracruzano.vip\/index.php?rest_route=\/wp\/v2\/types\/post"}],"author":[{"embeddable":true,"href":"https:\/\/elveracruzano.vip\/index.php?rest_route=\/wp\/v2\/users\/4"}],"replies":[{"embeddable":true,"href":"https:\/\/elveracruzano.vip\/index.php?rest_route=%2Fwp%2Fv2%2Fcomments&post=6469"}],"version-history":[{"count":1,"href":"https:\/\/elveracruzano.vip\/index.php?rest_route=\/wp\/v2\/posts\/6469\/revisions"}],"predecessor-version":[{"id":6471,"href":"https:\/\/elveracruzano.vip\/index.php?rest_route=\/wp\/v2\/posts\/6469\/revisions\/6471"}],"wp:featuredmedia":[{"embeddable":true,"href":"https:\/\/elveracruzano.vip\/index.php?rest_route=\/wp\/v2\/media\/6470"}],"wp:attachment":[{"href":"https:\/\/elveracruzano.vip\/index.php?rest_route=%2Fwp%2Fv2%2Fmedia&parent=6469"}],"wp:term":[{"taxonomy":"category","embeddable":true,"href":"https:\/\/elveracruzano.vip\/index.php?rest_route=%2Fwp%2Fv2%2Fcategories&post=6469"},{"taxonomy":"post_tag","embeddable":true,"href":"https:\/\/elveracruzano.vip\/index.php?rest_route=%2Fwp%2Fv2%2Ftags&post=6469"}],"curies":[{"name":"wp","href":"https:\/\/api.w.org\/{rel}","templated":true}]}}