{"id":645,"date":"2022-01-19T15:55:00","date_gmt":"2022-01-19T21:55:00","guid":{"rendered":"http:\/\/elveracruzano.vip\/?p=645"},"modified":"2022-01-19T11:58:21","modified_gmt":"2022-01-19T17:58:21","slug":"regresan-las-fiestas-de-la-candelaria-a-tlacotalpan-de-manera-presencial","status":"publish","type":"post","link":"https:\/\/elveracruzano.vip\/?p=645","title":{"rendered":"Regresan las Fiestas de La Candelaria a Tlacotalpan, de manera presencial"},"content":{"rendered":"\n<p><strong>#Xalapa<\/strong>, <strong>#Ver<\/strong>.- En Tlacotalpan habr\u00e1 Fiestas de La Candelaria de manera presencial del 30 de enero al 09 de febrero, las cuales ayudar\u00e1n a reactivar la econom\u00eda y el turismo, cuidando el porcentaje de aforo y los protocolos sanitarios.<\/p>\n\n\n\n<p>En rueda de prensa, la titular de la Secretar\u00eda de Turismo (SECTUR), X\u00f3chitl Arbes\u00fa Lago, acompa\u00f1ada por la directora del Instituto Veracruzano de la Cultura (IVEC), Silvia Alejandre Prado, y el alcalde de Tlacotalpan, Luis Medina Aguirre, present\u00f3 el programa en que destacan la tradicional cabalgata, ma\u00f1anitas y paseo de la Virgen por el r\u00edo Papaloapan, as\u00ed como el fandango.<\/p>\n\n\n\n<p>\u201cVamos a reiniciar de manera presencial las festividades en honor a la Virgen de La Candelaria, \u00edcono en Veracruz y el pa\u00eds, en esta joya patrimonio de la humanidad que es Tlacotalpan\u201d, expres\u00f3 la servidora.<\/p>\n\n\n\n<p>A su vez, el presidente municipal agradeci\u00f3 el apoyo incondicional del Gobierno de Veracruz para que resurja la celebraci\u00f3n, al tiempo de asegurar que en Tlacotalpan los prestadores de servicios est\u00e1n capacitados y comprometidos con el cuidado de la integridad de los visitantes.<\/p>\n\n\n\n<p>Mientras que el director de Salud P\u00fablica de SESVER, Salvador Beristain Hern\u00e1ndez, se\u00f1al\u00f3 que la poblaci\u00f3n necesita retomar sus actividades cotidianas, pero con la responsabilidad que implica seguir en contingencia por COVID-19.<\/p>\n\n\n\n<p><strong>#ElVeracruzanoVip<\/strong><\/p>\n","protected":false},"excerpt":{"rendered":"<p>#Xalapa, #Ver.- En Tlacotalpan habr\u00e1 Fiestas de La Candelaria de manera presencial del 30 de enero al 09 de febrero,<\/p>\n","protected":false},"author":4,"featured_media":0,"comment_status":"open","ping_status":"open","sticky":false,"template":"","format":"standard","meta":{"colormag_page_container_layout":"default_layout","colormag_page_sidebar_layout":"default_layout","rop_custom_images_group":[],"rop_custom_messages_group":[],"rop_publish_now":"initial","rop_publish_now_accounts":{"facebook_109133384920963_108472061465099":""},"rop_publish_now_history":[],"rop_publish_now_status":"pending","footnotes":""},"categories":[16],"tags":[26,20,19,21,23,22],"class_list":["post-645","post","type-post","status-publish","format-standard","hentry","category-ultima-hora","tag-el-veracruzano-vip","tag-enterate","tag-redes-sociales","tag-ultima-hora","tag-ultimas-noticias","tag-ultimo-minuto"],"_links":{"self":[{"href":"https:\/\/elveracruzano.vip\/index.php?rest_route=\/wp\/v2\/posts\/645","targetHints":{"allow":["GET"]}}],"collection":[{"href":"https:\/\/elveracruzano.vip\/index.php?rest_route=\/wp\/v2\/posts"}],"about":[{"href":"https:\/\/elveracruzano.vip\/index.php?rest_route=\/wp\/v2\/types\/post"}],"author":[{"embeddable":true,"href":"https:\/\/elveracruzano.vip\/index.php?rest_route=\/wp\/v2\/users\/4"}],"replies":[{"embeddable":true,"href":"https:\/\/elveracruzano.vip\/index.php?rest_route=%2Fwp%2Fv2%2Fcomments&post=645"}],"version-history":[{"count":1,"href":"https:\/\/elveracruzano.vip\/index.php?rest_route=\/wp\/v2\/posts\/645\/revisions"}],"predecessor-version":[{"id":647,"href":"https:\/\/elveracruzano.vip\/index.php?rest_route=\/wp\/v2\/posts\/645\/revisions\/647"}],"wp:attachment":[{"href":"https:\/\/elveracruzano.vip\/index.php?rest_route=%2Fwp%2Fv2%2Fmedia&parent=645"}],"wp:term":[{"taxonomy":"category","embeddable":true,"href":"https:\/\/elveracruzano.vip\/index.php?rest_route=%2Fwp%2Fv2%2Fcategories&post=645"},{"taxonomy":"post_tag","embeddable":true,"href":"https:\/\/elveracruzano.vip\/index.php?rest_route=%2Fwp%2Fv2%2Ftags&post=645"}],"curies":[{"name":"wp","href":"https:\/\/api.w.org\/{rel}","templated":true}]}}