{"id":6443,"date":"2023-09-05T19:42:46","date_gmt":"2023-09-06T01:42:46","guid":{"rendered":"http:\/\/elveracruzano.vip\/?p=6443"},"modified":"2023-09-05T19:42:47","modified_gmt":"2023-09-06T01:42:47","slug":"agradece-gobernador-contribucion-de-la-sociedad-entrega-5-3-mdp-a-la-cruz-roja-cuitlahuacgj-gobiernover","status":"publish","type":"post","link":"https:\/\/elveracruzano.vip\/?p=6443","title":{"rendered":"Agradece Gobernador contribuci\u00f3n de la sociedad; entrega 5.3 mdp a la Cruz Roja \/ @CuitlahuacGJ @GobiernoVer >>>"},"content":{"rendered":"\n<p><strong>#GobiernoDeVeracruz.-<\/strong> La contribuci\u00f3n por derechos vehiculares de este a\u00f1o representa una suma de 5 millones 339 mil 754 pesos destinada a la Cruz Roja Mexicana y, con la entrega del cheque por parte del gobernador Cuitl\u00e1huac Garc\u00eda Jim\u00e9nez al delegado de la instituci\u00f3n en Veracruz, Oswaldo Jes\u00fas Ficachi Figueroa, inicia la nueva colecta anual hasta el 31 de octubre.<\/p>\n\n\n\n<p>Al celebrar que esta cifra impone otro r\u00e9cord, el mandatario agradeci\u00f3 a la ciudadan\u00eda que cumple sus obligaciones fiscales e invit\u00f3 a que todos aporten un granito de arena m\u00e1s, pues siempre se requiere el apoyo en situaciones adversas; \u201cque no perdamos ese inter\u00e9s en apoyar a quien nos tiende la mano en esos momentos de emergencia\u201d.<\/p>\n\n\n\n<p>Acompa\u00f1ado por las presidentas del Tribunal Superior de Justicia y la LXVI Legislatura, magistrada Lisbeth Aurelia Jim\u00e9nez Aguirre y diputada Margarita Corro Mendoza, dio la instrucci\u00f3n de que en cada dependencia del Poder Ejecutivo tenga lugar una colecta con el personal, el d\u00eda que as\u00ed lo indique la delegaci\u00f3n estatal.<\/p>\n\n\n\n<p>Previamente, el representante del organismo afirm\u00f3 que el activo m\u00e1s valioso es el voluntariado y que el entusiasmo con que recolectan los donativos es el mismo cuando distribuyen v\u00edveres ante alguna contingencia; \u201chacemos un respetuoso llamado a todos para que esta campa\u00f1a se traduzca en recursos que puedan ser regresados a las y los veracruzanos en mejores servicios\u201d.<\/p>\n\n\n\n<p>Convencido de la causa, dijo que anualmente la Cruz Roja brinda unas 309 mil atenciones m\u00e9dicas con cuotas m\u00ednimas de recuperaci\u00f3n y m\u00e1s de 30 mil traslados de ambulancia gratuitos, al tiempo de apoyar durante desastres naturales e impulsar programas comunitarios que promueven h\u00e1bitos de vida saludable y fortalecen la resiliencia entre la poblaci\u00f3n.<\/p>\n\n\n\n<p>Luego de reconocer el gran impulso del esquema de captaci\u00f3n desde la Secretar\u00eda de Finanzas y Planeaci\u00f3n, agradeci\u00f3 el apoyo del DIF Estatal en la coordinaci\u00f3n de la colecta, as\u00ed como de Protecci\u00f3n Civil en labores de capacitaci\u00f3n, dando inicio a la jornada que este a\u00f1o lleva por lema\u00a0<em>Una sola vez no basta, dona m\u00e1s<\/em>.<\/p>\n\n\n\n<p><strong>#ElVeracruzanoVIP &#8211; <\/strong><a href=\"https:\/\/www.facebook.com\/ElVeracruzanoVIP\/\">El Veracruzano VIP<\/a><\/p>\n","protected":false},"excerpt":{"rendered":"<p>#GobiernoDeVeracruz.- La contribuci\u00f3n por derechos vehiculares de este a\u00f1o representa una suma de 5 millones 339 mil 754 pesos destinada<\/p>\n","protected":false},"author":4,"featured_media":6444,"comment_status":"open","ping_status":"open","sticky":false,"template":"","format":"standard","meta":{"colormag_page_container_layout":"default_layout","colormag_page_sidebar_layout":"default_layout","rop_custom_images_group":[],"rop_custom_messages_group":[],"rop_publish_now":"initial","rop_publish_now_accounts":{"facebook_109133384920963_108472061465099":""},"rop_publish_now_history":[],"rop_publish_now_status":"pending","footnotes":""},"categories":[13],"tags":[17,20,18,19,21,23],"class_list":["post-6443","post","type-post","status-publish","format-standard","has-post-thumbnail","hentry","category-principales","tag-cuitlahuac-garcia-jimenez","tag-enterate","tag-gobierno-del-estado-de-veracruz","tag-redes-sociales","tag-ultima-hora","tag-ultimas-noticias"],"_links":{"self":[{"href":"https:\/\/elveracruzano.vip\/index.php?rest_route=\/wp\/v2\/posts\/6443","targetHints":{"allow":["GET"]}}],"collection":[{"href":"https:\/\/elveracruzano.vip\/index.php?rest_route=\/wp\/v2\/posts"}],"about":[{"href":"https:\/\/elveracruzano.vip\/index.php?rest_route=\/wp\/v2\/types\/post"}],"author":[{"embeddable":true,"href":"https:\/\/elveracruzano.vip\/index.php?rest_route=\/wp\/v2\/users\/4"}],"replies":[{"embeddable":true,"href":"https:\/\/elveracruzano.vip\/index.php?rest_route=%2Fwp%2Fv2%2Fcomments&post=6443"}],"version-history":[{"count":1,"href":"https:\/\/elveracruzano.vip\/index.php?rest_route=\/wp\/v2\/posts\/6443\/revisions"}],"predecessor-version":[{"id":6445,"href":"https:\/\/elveracruzano.vip\/index.php?rest_route=\/wp\/v2\/posts\/6443\/revisions\/6445"}],"wp:featuredmedia":[{"embeddable":true,"href":"https:\/\/elveracruzano.vip\/index.php?rest_route=\/wp\/v2\/media\/6444"}],"wp:attachment":[{"href":"https:\/\/elveracruzano.vip\/index.php?rest_route=%2Fwp%2Fv2%2Fmedia&parent=6443"}],"wp:term":[{"taxonomy":"category","embeddable":true,"href":"https:\/\/elveracruzano.vip\/index.php?rest_route=%2Fwp%2Fv2%2Fcategories&post=6443"},{"taxonomy":"post_tag","embeddable":true,"href":"https:\/\/elveracruzano.vip\/index.php?rest_route=%2Fwp%2Fv2%2Ftags&post=6443"}],"curies":[{"name":"wp","href":"https:\/\/api.w.org\/{rel}","templated":true}]}}