{"id":6422,"date":"2023-08-31T20:07:01","date_gmt":"2023-09-01T02:07:01","guid":{"rendered":"http:\/\/elveracruzano.vip\/?p=6422"},"modified":"2023-08-31T20:07:02","modified_gmt":"2023-09-01T02:07:02","slug":"expoventa-del-premio-artesanal-veracruzano-del-01-al-17-de-septiembre-cuitlahuacgj-gobiernover","status":"publish","type":"post","link":"https:\/\/elveracruzano.vip\/?p=6422","title":{"rendered":"Expoventa del Premio Artesanal Veracruzano del 01 al 17 de septiembre \/ @CuitlahuacGJ @GobiernoVer >>>"},"content":{"rendered":"\n<p class=\"wp-block-paragraph\"><strong>#GobiernoDeVeracruz.- <\/strong>La Secretar\u00eda de Desarrollo Econ\u00f3mico y Portuario (SEDECOP), en coordinaci\u00f3n con el Subcomit\u00e9 Veracruzano de Promoci\u00f3n Artesanal, invita al p\u00fablico en general a la expoventa del Premio Anual Artesanal Veracruzano, del 01 al 17 de septiembre en el Centro Cultural Atarazanas de la ciudad de Veracruz.<\/p>\n\n\n\n<p class=\"wp-block-paragraph\">Aqu\u00ed, las y los visitantes podr\u00e1n conocer todas las creaciones inscritas en la cuarta convocatoria, principalmente las ganadoras, adem\u00e1s de adquirirlas y con ello fortalecer el trabajo de hombres y mujeres que mantienen viva la herencia cultural del estado.<\/p>\n\n\n\n<p class=\"wp-block-paragraph\">Sumando las ediciones anteriores, han participado 620 obras de las diferentes regiones tur\u00edsticas y se ha entregado m\u00e1s de un mill\u00f3n 100 mil pesos en premios a 81 finalistas de las categor\u00edas textiles, alfarer\u00eda y cer\u00e1mica, cester\u00eda y fibras vegetales, tallas en madera y m\u00e1scaras, pintura popular, jugueter\u00eda, cartoner\u00eda y papel, instrumentos musicales, joyer\u00eda y talabarter\u00eda.<\/p>\n\n\n\n<p class=\"wp-block-paragraph\">Si vives cerca de la ciudad de Veracruz o planas visitarla, no dejes pasar la oportunidad de descubrir y apreciar el talento de las manos veracruzanas, de martes a domingo en horario de 10 de la ma\u00f1ana a 6 de la tarde. El recinto Atarazanas est\u00e1 ubicado en el andador Julio S. Montero del Centro Hist\u00f3rico.<\/p>\n\n\n\n<p class=\"wp-block-paragraph\"><strong>#ElVeracruzanoVIP &#8211; <\/strong><a href=\"https:\/\/www.facebook.com\/ElVeracruzanoVIP\/\">El Veracruzano VIP<\/a><\/p>\n","protected":false},"excerpt":{"rendered":"<p>#GobiernoDeVeracruz.- La Secretar\u00eda de Desarrollo Econ\u00f3mico y Portuario (SEDECOP), en coordinaci\u00f3n con el Subcomit\u00e9 Veracruzano de Promoci\u00f3n Artesanal, invita al<\/p>\n","protected":false},"author":4,"featured_media":6423,"comment_status":"open","ping_status":"open","sticky":false,"template":"","format":"standard","meta":{"colormag_page_container_layout":"default_layout","colormag_page_sidebar_layout":"default_layout","rop_custom_images_group":[],"rop_custom_messages_group":[],"rop_publish_now":"initial","rop_publish_now_accounts":{"facebook_109133384920963_108472061465099":""},"rop_publish_now_history":[],"rop_publish_now_status":"pending","footnotes":""},"categories":[14],"tags":[17,20,18,19,21],"class_list":["post-6422","post","type-post","status-publish","format-standard","has-post-thumbnail","hentry","category-secretarias","tag-cuitlahuac-garcia-jimenez","tag-enterate","tag-gobierno-del-estado-de-veracruz","tag-redes-sociales","tag-ultima-hora"],"_links":{"self":[{"href":"https:\/\/elveracruzano.vip\/index.php?rest_route=\/wp\/v2\/posts\/6422","targetHints":{"allow":["GET"]}}],"collection":[{"href":"https:\/\/elveracruzano.vip\/index.php?rest_route=\/wp\/v2\/posts"}],"about":[{"href":"https:\/\/elveracruzano.vip\/index.php?rest_route=\/wp\/v2\/types\/post"}],"author":[{"embeddable":true,"href":"https:\/\/elveracruzano.vip\/index.php?rest_route=\/wp\/v2\/users\/4"}],"replies":[{"embeddable":true,"href":"https:\/\/elveracruzano.vip\/index.php?rest_route=%2Fwp%2Fv2%2Fcomments&post=6422"}],"version-history":[{"count":1,"href":"https:\/\/elveracruzano.vip\/index.php?rest_route=\/wp\/v2\/posts\/6422\/revisions"}],"predecessor-version":[{"id":6424,"href":"https:\/\/elveracruzano.vip\/index.php?rest_route=\/wp\/v2\/posts\/6422\/revisions\/6424"}],"wp:featuredmedia":[{"embeddable":true,"href":"https:\/\/elveracruzano.vip\/index.php?rest_route=\/wp\/v2\/media\/6423"}],"wp:attachment":[{"href":"https:\/\/elveracruzano.vip\/index.php?rest_route=%2Fwp%2Fv2%2Fmedia&parent=6422"}],"wp:term":[{"taxonomy":"category","embeddable":true,"href":"https:\/\/elveracruzano.vip\/index.php?rest_route=%2Fwp%2Fv2%2Fcategories&post=6422"},{"taxonomy":"post_tag","embeddable":true,"href":"https:\/\/elveracruzano.vip\/index.php?rest_route=%2Fwp%2Fv2%2Ftags&post=6422"}],"curies":[{"name":"wp","href":"https:\/\/api.w.org\/{rel}","templated":true}]}}