{"id":6416,"date":"2023-08-31T20:01:55","date_gmt":"2023-09-01T02:01:55","guid":{"rendered":"http:\/\/elveracruzano.vip\/?p=6416"},"modified":"2023-08-31T20:21:22","modified_gmt":"2023-09-01T02:21:22","slug":"en-orizaba-continuan-trabajos-para-la-implementacion-de-boulevar-en-la-calle-belisario-dominguez-jmdiezmx-aytodeorizaba","status":"publish","type":"post","link":"https:\/\/elveracruzano.vip\/?p=6416","title":{"rendered":"En Orizaba, contin\u00faan trabajos del boulevar en la calle Belisario Dom\u00ednguez \/ @JMDiezMX @aytodeorizaba >>>"},"content":{"rendered":"\n<p><strong>#Orizaba, #Ver.-<\/strong> El ayuntamiento de Orizaba contin\u00faa con los trabajos para la implementaci\u00f3n de un boulevar sobre la calle Belisario Dom\u00ednguez y entre avenida oriente 6 a avenida 20 de noviembre y de avenida 20 de noviembre entre Belisario Dom\u00ednguez y autopista en la colonia Barrio Nuevo, el cual a la fecha lleva un avance del 5%.<\/p>\n\n\n\n<p><strong>#ElVeracruzanoVIP &#8211; <\/strong><a href=\"https:\/\/www.facebook.com\/ElVeracruzanoVIP\/\">El Veracruzano VIP<\/a><\/p>\n","protected":false},"excerpt":{"rendered":"<p>#Orizaba, #Ver.- El ayuntamiento de Orizaba contin\u00faa con los trabajos para la implementaci\u00f3n de un boulevar sobre la calle Belisario<\/p>\n","protected":false},"author":4,"featured_media":6417,"comment_status":"open","ping_status":"open","sticky":false,"template":"","format":"standard","meta":{"colormag_page_container_layout":"default_layout","colormag_page_sidebar_layout":"default_layout","rop_custom_images_group":[],"rop_custom_messages_group":[],"rop_publish_now":"initial","rop_publish_now_accounts":{"facebook_109133384920963_108472061465099":""},"rop_publish_now_history":[],"rop_publish_now_status":"pending","footnotes":""},"categories":[11],"tags":[53,20,81,19,21,23],"class_list":["post-6416","post","type-post","status-publish","format-standard","has-post-thumbnail","hentry","category-municipios-destacados","tag-ayuntamiento-de-orizaba","tag-enterate","tag-juan-manuel-diez","tag-redes-sociales","tag-ultima-hora","tag-ultimas-noticias"],"_links":{"self":[{"href":"https:\/\/elveracruzano.vip\/index.php?rest_route=\/wp\/v2\/posts\/6416","targetHints":{"allow":["GET"]}}],"collection":[{"href":"https:\/\/elveracruzano.vip\/index.php?rest_route=\/wp\/v2\/posts"}],"about":[{"href":"https:\/\/elveracruzano.vip\/index.php?rest_route=\/wp\/v2\/types\/post"}],"author":[{"embeddable":true,"href":"https:\/\/elveracruzano.vip\/index.php?rest_route=\/wp\/v2\/users\/4"}],"replies":[{"embeddable":true,"href":"https:\/\/elveracruzano.vip\/index.php?rest_route=%2Fwp%2Fv2%2Fcomments&post=6416"}],"version-history":[{"count":3,"href":"https:\/\/elveracruzano.vip\/index.php?rest_route=\/wp\/v2\/posts\/6416\/revisions"}],"predecessor-version":[{"id":6441,"href":"https:\/\/elveracruzano.vip\/index.php?rest_route=\/wp\/v2\/posts\/6416\/revisions\/6441"}],"wp:featuredmedia":[{"embeddable":true,"href":"https:\/\/elveracruzano.vip\/index.php?rest_route=\/wp\/v2\/media\/6417"}],"wp:attachment":[{"href":"https:\/\/elveracruzano.vip\/index.php?rest_route=%2Fwp%2Fv2%2Fmedia&parent=6416"}],"wp:term":[{"taxonomy":"category","embeddable":true,"href":"https:\/\/elveracruzano.vip\/index.php?rest_route=%2Fwp%2Fv2%2Fcategories&post=6416"},{"taxonomy":"post_tag","embeddable":true,"href":"https:\/\/elveracruzano.vip\/index.php?rest_route=%2Fwp%2Fv2%2Ftags&post=6416"}],"curies":[{"name":"wp","href":"https:\/\/api.w.org\/{rel}","templated":true}]}}