{"id":6386,"date":"2023-08-29T19:48:30","date_gmt":"2023-08-30T01:48:30","guid":{"rendered":"http:\/\/elveracruzano.vip\/?p=6386"},"modified":"2023-08-29T19:48:31","modified_gmt":"2023-08-30T01:48:31","slug":"encabeza-veracruz-medallero-de-las-terceras-olimpiadas-de-oro-del-dif-nacional-cuitlahuacgj-gobiernover","status":"publish","type":"post","link":"https:\/\/elveracruzano.vip\/?p=6386","title":{"rendered":"Encabeza Veracruz medallero de las terceras Olimpiadas de Oro del DIF Nacional \/ @CuitlahuacGJ @GobiernoVer >>>"},"content":{"rendered":"\n<p><strong>#GobiernoDeVeracruz.- <\/strong>Con participantes de Xalapa, Actopan, \u00c1lamo, Banderilla, Coatzacoalcos, P\u00e1nuco, Papantla y Villa Aldama, en la tercera edici\u00f3n de las Olimpiadas de Oro de las Personas Adultas Mayores, celebrada este 27 y 28 de agosto en la capital del estado, Veracruz gan\u00f3 el medallero con 15 preseas de primer lugar, siete de segundo y nueve de tercero.<\/p>\n\n\n\n<p>La delegaci\u00f3n compuesta por usuarios de los centros gerontol\u00f3gicos pertenecientes al DIF Nacional se ubic\u00f3 en segundo sitio al obtener tres metales dorados, seis plateados y tres de bronce, mientras que la representaci\u00f3n de Guerrero logr\u00f3 tres oros, cinco platas y dos bronces para completar el podio.<\/p>\n\n\n\n<p>En total, m\u00e1s de 280 competidores de Guerrero, Hidalgo, Michoac\u00e1n, Zacatecas, Tlaxcala, Campeche, Oaxaca y Veracruz hicieron su demostraci\u00f3n en lanzamiento de bala, atletismo con carrera de relevos de 100 y 400 metros varonil y femenil, cachibol, caminata y carrera en silla de ruedas, en el Estadio Heriberto Jara Corona.<\/p>\n\n\n\n<p>En el marco del D\u00eda Nacional de las Personas Adultas Mayores, el evento fue dise\u00f1ado para motivar el desarrollo biol\u00f3gico, psicol\u00f3gico y social de este sector, dando espacio tambi\u00e9n a presentaciones art\u00edsticas y cognitivas como domin\u00f3, ajedrez, loter\u00eda, poes\u00eda, canto individual y grupal, adem\u00e1s de baile grupal (folkl\u00f3rico y libre), en el Complejo Deportivo Omega.<\/p>\n\n\n\n<p>La directora del DIF Nacional, Nuria Fern\u00e1ndez Espresate, destac\u00f3 y agradeci\u00f3 la colaboraci\u00f3n de las entidades, subrayando que los adultos mayores est\u00e1n rompiendo barreras y demostrando que los l\u00edmites no existen cuando se trata de obtener resultados significativos.<\/p>\n\n\n\n<p><strong>#ElVeracruzanoVIP &#8211; <\/strong><a href=\"https:\/\/www.facebook.com\/ElVeracruzanoVIP\/\">El Veracruzano VIP<\/a><\/p>\n","protected":false},"excerpt":{"rendered":"<p>#GobiernoDeVeracruz.- Con participantes de Xalapa, Actopan, \u00c1lamo, Banderilla, Coatzacoalcos, P\u00e1nuco, Papantla y Villa Aldama, en la tercera edici\u00f3n de las<\/p>\n","protected":false},"author":4,"featured_media":6387,"comment_status":"open","ping_status":"open","sticky":false,"template":"","format":"standard","meta":{"colormag_page_container_layout":"default_layout","colormag_page_sidebar_layout":"default_layout","rop_custom_images_group":[],"rop_custom_messages_group":[],"rop_publish_now":"initial","rop_publish_now_accounts":{"facebook_109133384920963_108472061465099":""},"rop_publish_now_history":[],"rop_publish_now_status":"pending","footnotes":""},"categories":[13],"tags":[17,20,18,19,21],"class_list":["post-6386","post","type-post","status-publish","format-standard","has-post-thumbnail","hentry","category-principales","tag-cuitlahuac-garcia-jimenez","tag-enterate","tag-gobierno-del-estado-de-veracruz","tag-redes-sociales","tag-ultima-hora"],"_links":{"self":[{"href":"https:\/\/elveracruzano.vip\/index.php?rest_route=\/wp\/v2\/posts\/6386","targetHints":{"allow":["GET"]}}],"collection":[{"href":"https:\/\/elveracruzano.vip\/index.php?rest_route=\/wp\/v2\/posts"}],"about":[{"href":"https:\/\/elveracruzano.vip\/index.php?rest_route=\/wp\/v2\/types\/post"}],"author":[{"embeddable":true,"href":"https:\/\/elveracruzano.vip\/index.php?rest_route=\/wp\/v2\/users\/4"}],"replies":[{"embeddable":true,"href":"https:\/\/elveracruzano.vip\/index.php?rest_route=%2Fwp%2Fv2%2Fcomments&post=6386"}],"version-history":[{"count":1,"href":"https:\/\/elveracruzano.vip\/index.php?rest_route=\/wp\/v2\/posts\/6386\/revisions"}],"predecessor-version":[{"id":6388,"href":"https:\/\/elveracruzano.vip\/index.php?rest_route=\/wp\/v2\/posts\/6386\/revisions\/6388"}],"wp:featuredmedia":[{"embeddable":true,"href":"https:\/\/elveracruzano.vip\/index.php?rest_route=\/wp\/v2\/media\/6387"}],"wp:attachment":[{"href":"https:\/\/elveracruzano.vip\/index.php?rest_route=%2Fwp%2Fv2%2Fmedia&parent=6386"}],"wp:term":[{"taxonomy":"category","embeddable":true,"href":"https:\/\/elveracruzano.vip\/index.php?rest_route=%2Fwp%2Fv2%2Fcategories&post=6386"},{"taxonomy":"post_tag","embeddable":true,"href":"https:\/\/elveracruzano.vip\/index.php?rest_route=%2Fwp%2Fv2%2Ftags&post=6386"}],"curies":[{"name":"wp","href":"https:\/\/api.w.org\/{rel}","templated":true}]}}