{"id":6380,"date":"2023-08-24T17:41:35","date_gmt":"2023-08-24T23:41:35","guid":{"rendered":"http:\/\/elveracruzano.vip\/?p=6380"},"modified":"2023-08-24T17:41:37","modified_gmt":"2023-08-24T23:41:37","slug":"20-mdp-en-derrama-y-57-mil-asistentes-los-numeros-del-festival-cempoala-cuitlahuacgj-gobiernover","status":"publish","type":"post","link":"https:\/\/elveracruzano.vip\/?p=6380","title":{"rendered":"20 Mdp en derrama y 57 mil asistentes, los n\u00fameros del Festival Cempoala \/ @CuitlahuacGJ @GobiernoVer >>>"},"content":{"rendered":"\n<p><strong>#GobiernoDeVeracruz.- <\/strong>Satisfecho con los resultados del primer Festival Cempoala,\u00a0<em>Encuentro de culturas, ritmo y alegr\u00eda<\/em>, el gobernador Cuitl\u00e1huac Garc\u00eda Jim\u00e9nez confirm\u00f3 la repetici\u00f3n anual de este nuevo producto tur\u00edstico, dise\u00f1ado para enaltecer la civilizaci\u00f3n totonaca en una de sus capitales, a fin de lograr un mayor disfrute y conocimiento del patrimonio, previo al inicio de clases.<\/p>\n\n\n\n<p>Con base en estudios de perfil del visitante, la Secretar\u00eda de Turismo y Cultura registr\u00f3 el arribo de 57 mil asistentes, provenientes de 36 municipios y nueve estados de la Rep\u00fablica, principalmente la Ciudad de M\u00e9xico, Estado de M\u00e9xico, Puebla, Hidalgo, Morelos, Quer\u00e9taro y Tlaxcala, as\u00ed como de cuatro pa\u00edses que ya se encontraban en territorio nacional.<\/p>\n\n\n\n<p>El titular de la dependencia, Iv\u00e1n Francisco Mart\u00ednez Olvera, destac\u00f3 una participaci\u00f3n superior a los 2 mil 500 artistas entre ni\u00f1as, ni\u00f1os y j\u00f3venes de diversas marching bands, danzantes, trovadores y jaraneros; junto con 10 grupos musicales de cumbia, ballets folcl\u00f3ricos, un evento de motocross y nueve espect\u00e1culos de videomapping en la zona arqueol\u00f3gica.<\/p>\n\n\n\n<p>Durante los d\u00edas 18, 19 y 20 de agosto, la derrama econ\u00f3mica alcanz\u00f3 los 19 millones 950 mil pesos y el 100 por ciento de ocupaci\u00f3n hotelera en \u00darsulo Galv\u00e1n, adem\u00e1s del 72% en municipios aleda\u00f1os como La Antigua y Puente Nacional; cabe se\u00f1alar la distribuci\u00f3n hacia el p\u00fablico infantil de 5 mil libros para colorear, con la historia y tradiciones de Cempoala.<\/p>\n\n\n\n<p>En conferencia de prensa, el subsecretario de Promoci\u00f3n y Atenci\u00f3n Tur\u00edstica, H\u00e9ctor Aguilera Lira, reiter\u00f3 la invitaci\u00f3n al mejor festival de playa del Golfo de M\u00e9xico, el Costa Esmeralda Fest, los primeros tres d\u00edas de septiembre en Tecolutla, donde est\u00e1n previstas m\u00e1s de 50 actividades, principalmente deportivas, acu\u00e1ticas, gastron\u00f3micas, artesanales, musicales y educativas.<\/p>\n\n\n\n<p><strong>#ElVeracruzanoVIP &#8211; <\/strong><a href=\"https:\/\/www.facebook.com\/ElVeracruzanoVIP\/\">El Veracruzano VIP<\/a><\/p>\n","protected":false},"excerpt":{"rendered":"<p>#GobiernoDeVeracruz.- Satisfecho con los resultados del primer Festival Cempoala,\u00a0Encuentro de culturas, ritmo y alegr\u00eda, el gobernador Cuitl\u00e1huac Garc\u00eda Jim\u00e9nez confirm\u00f3<\/p>\n","protected":false},"author":4,"featured_media":6381,"comment_status":"open","ping_status":"open","sticky":false,"template":"","format":"standard","meta":{"colormag_page_container_layout":"default_layout","colormag_page_sidebar_layout":"default_layout","rop_custom_images_group":[],"rop_custom_messages_group":[],"rop_publish_now":"initial","rop_publish_now_accounts":{"facebook_109133384920963_108472061465099":""},"rop_publish_now_history":[],"rop_publish_now_status":"pending","footnotes":""},"categories":[14],"tags":[17,20,18,19,21,22],"class_list":["post-6380","post","type-post","status-publish","format-standard","has-post-thumbnail","hentry","category-secretarias","tag-cuitlahuac-garcia-jimenez","tag-enterate","tag-gobierno-del-estado-de-veracruz","tag-redes-sociales","tag-ultima-hora","tag-ultimo-minuto"],"_links":{"self":[{"href":"https:\/\/elveracruzano.vip\/index.php?rest_route=\/wp\/v2\/posts\/6380","targetHints":{"allow":["GET"]}}],"collection":[{"href":"https:\/\/elveracruzano.vip\/index.php?rest_route=\/wp\/v2\/posts"}],"about":[{"href":"https:\/\/elveracruzano.vip\/index.php?rest_route=\/wp\/v2\/types\/post"}],"author":[{"embeddable":true,"href":"https:\/\/elveracruzano.vip\/index.php?rest_route=\/wp\/v2\/users\/4"}],"replies":[{"embeddable":true,"href":"https:\/\/elveracruzano.vip\/index.php?rest_route=%2Fwp%2Fv2%2Fcomments&post=6380"}],"version-history":[{"count":1,"href":"https:\/\/elveracruzano.vip\/index.php?rest_route=\/wp\/v2\/posts\/6380\/revisions"}],"predecessor-version":[{"id":6382,"href":"https:\/\/elveracruzano.vip\/index.php?rest_route=\/wp\/v2\/posts\/6380\/revisions\/6382"}],"wp:featuredmedia":[{"embeddable":true,"href":"https:\/\/elveracruzano.vip\/index.php?rest_route=\/wp\/v2\/media\/6381"}],"wp:attachment":[{"href":"https:\/\/elveracruzano.vip\/index.php?rest_route=%2Fwp%2Fv2%2Fmedia&parent=6380"}],"wp:term":[{"taxonomy":"category","embeddable":true,"href":"https:\/\/elveracruzano.vip\/index.php?rest_route=%2Fwp%2Fv2%2Fcategories&post=6380"},{"taxonomy":"post_tag","embeddable":true,"href":"https:\/\/elveracruzano.vip\/index.php?rest_route=%2Fwp%2Fv2%2Ftags&post=6380"}],"curies":[{"name":"wp","href":"https:\/\/api.w.org\/{rel}","templated":true}]}}