{"id":6343,"date":"2023-08-22T18:06:40","date_gmt":"2023-08-23T00:06:40","guid":{"rendered":"http:\/\/elveracruzano.vip\/?p=6343"},"modified":"2023-08-22T18:06:41","modified_gmt":"2023-08-23T00:06:41","slug":"participa-presidenta-municipal-de-tepic-leticia-araiza-en-acto-conmemorativo-para-integrantes-del-cuerpo-de-bomberos-gobiernodetepic","status":"publish","type":"post","link":"https:\/\/elveracruzano.vip\/?p=6343","title":{"rendered":"Participa presidenta municipal de Tepic, Leticia Araiza, en acto conmemorativo para integrantes del cuerpo de bomberos \/ @Gobiernodetepic >>>"},"content":{"rendered":"\n<p><strong>#Tepic, #Nay.-<\/strong>&nbsp;En el marco del D\u00eda Nacional del Bombero, la Presidenta Municipal, Lic. Leticia Araiza particip\u00f3 del acto conmemorativo para las y los integrantes del Cuerpo de Bomberos y Protecci\u00f3n Civil del Ayuntamiento de Tepic.<\/p>\n\n\n\n<p>En este acto, se resalt\u00f3 la entrega y valent\u00eda de quienes a diario arriesgan su vida, y se reconoci\u00f3 a cada una y uno de ellos; en especial, a la \u00fanica mujer bombero de Nayarit, integrante de este Cuerpo, Fabiola Jaime.<\/p>\n\n\n\n<p>Asimismo, en conmemoraci\u00f3n de este d\u00eda y como un significativo agradecimiento a su labor, la Presidenta Municipal anunci\u00f3 la entrega de un bono especial.<\/p>\n\n\n\n<p><strong>#ElVeracruzanoVIP &#8211; <\/strong><a href=\"https:\/\/www.facebook.com\/ElVeracruzanoVIP\/\">El Veracruzano VIP<\/a><\/p>\n","protected":false},"excerpt":{"rendered":"<p>#Tepic, #Nay.-&nbsp;En el marco del D\u00eda Nacional del Bombero, la Presidenta Municipal, Lic. Leticia Araiza particip\u00f3 del acto conmemorativo para<\/p>\n","protected":false},"author":4,"featured_media":6344,"comment_status":"open","ping_status":"open","sticky":false,"template":"","format":"standard","meta":{"colormag_page_container_layout":"default_layout","colormag_page_sidebar_layout":"default_layout","rop_custom_images_group":[],"rop_custom_messages_group":[],"rop_publish_now":"initial","rop_publish_now_accounts":{"facebook_109133384920963_108472061465099":""},"rop_publish_now_history":[],"rop_publish_now_status":"pending","footnotes":""},"categories":[12],"tags":[70,20,19,21,23,22],"class_list":["post-6343","post","type-post","status-publish","format-standard","has-post-thumbnail","hentry","category-municipios-en-mexico","tag-ayuntamiento-de-tepic","tag-enterate","tag-redes-sociales","tag-ultima-hora","tag-ultimas-noticias","tag-ultimo-minuto"],"_links":{"self":[{"href":"https:\/\/elveracruzano.vip\/index.php?rest_route=\/wp\/v2\/posts\/6343","targetHints":{"allow":["GET"]}}],"collection":[{"href":"https:\/\/elveracruzano.vip\/index.php?rest_route=\/wp\/v2\/posts"}],"about":[{"href":"https:\/\/elveracruzano.vip\/index.php?rest_route=\/wp\/v2\/types\/post"}],"author":[{"embeddable":true,"href":"https:\/\/elveracruzano.vip\/index.php?rest_route=\/wp\/v2\/users\/4"}],"replies":[{"embeddable":true,"href":"https:\/\/elveracruzano.vip\/index.php?rest_route=%2Fwp%2Fv2%2Fcomments&post=6343"}],"version-history":[{"count":1,"href":"https:\/\/elveracruzano.vip\/index.php?rest_route=\/wp\/v2\/posts\/6343\/revisions"}],"predecessor-version":[{"id":6345,"href":"https:\/\/elveracruzano.vip\/index.php?rest_route=\/wp\/v2\/posts\/6343\/revisions\/6345"}],"wp:featuredmedia":[{"embeddable":true,"href":"https:\/\/elveracruzano.vip\/index.php?rest_route=\/wp\/v2\/media\/6344"}],"wp:attachment":[{"href":"https:\/\/elveracruzano.vip\/index.php?rest_route=%2Fwp%2Fv2%2Fmedia&parent=6343"}],"wp:term":[{"taxonomy":"category","embeddable":true,"href":"https:\/\/elveracruzano.vip\/index.php?rest_route=%2Fwp%2Fv2%2Fcategories&post=6343"},{"taxonomy":"post_tag","embeddable":true,"href":"https:\/\/elveracruzano.vip\/index.php?rest_route=%2Fwp%2Fv2%2Ftags&post=6343"}],"curies":[{"name":"wp","href":"https:\/\/api.w.org\/{rel}","templated":true}]}}