{"id":6274,"date":"2023-08-15T18:38:36","date_gmt":"2023-08-16T00:38:36","guid":{"rendered":"http:\/\/elveracruzano.vip\/?p=6274"},"modified":"2023-08-15T18:38:38","modified_gmt":"2023-08-16T00:38:38","slug":"promueven-bienestar-de-los-maestros-con-verano-de-relajacion-para-los-docentes-en-coatzacoalcos-cruzmalpica-coatzagob","status":"publish","type":"post","link":"https:\/\/elveracruzano.vip\/?p=6274","title":{"rendered":"Promueven bienestar de los maestros con \u201cVerano de relajaci\u00f3n para los docentes\u201d en Coatzacoalcos \/ @CruzMalpica @coatzagob >>>"},"content":{"rendered":"\n<p><strong>#Coatzacoalcos, #Ver.-<\/strong> Con la finalidad de promover el bienestar emocional y afectivo de los maestros, en beneficio de los alumnos, el Gobierno Municipal que preside Amado Cruz Malpica brind\u00f3 el taller \u201cVerano de relajaci\u00f3n para los docentes\u201d a 55 profesores de Coatzacoalcos de preescolar hasta universidad.<\/p>\n\n\n\n<p>En el \u201cCentro de Educaci\u00f3n Ambiental y Protecci\u00f3n Civil Quetzalli\u201d, los profesores recibieron pl\u00e1ticas de nutrici\u00f3n, masajes relajantes, reiki, aromaterapia y participaron en un ritual de purificaci\u00f3n, para vitalizarlos y energizarlos previo al inicio del nuevo ciclo escolar, as\u00ed como para fortalecer el trabajo educativo que realizar\u00e1n en las aulas.<\/p>\n\n\n\n<p>La directora de Educaci\u00f3n Municipal, Adriana Yolanda Garc\u00eda Garay, resalt\u00f3 el compromiso del presidente Amado Cruz con la ense\u00f1anza y el bienestar de la comunidad escolar, implementando por primera vez este tipo de talleres que atienden la parte humana y afectiva de los educadores<\/p>\n\n\n\n<p>Yolanda Garc\u00eda manifest\u00f3 que, con la coordinaci\u00f3n de la Direcci\u00f3n de Desarrollo Social a cargo de Margarita Santopietro Peralta, se llevan a cabo estas actividades que van de la mano con el programa \u201cVerano en tu colonia\u201d, donde se atienden a los ni\u00f1os y padres de familia.<\/p>\n\n\n\n<p>La funcionaria, mencion\u00f3 que \u201cVerano de relajaci\u00f3n\u201d ya est\u00e1 solicitado para ser implementado en los Consejos T\u00e9cnicos Escolares, por lo que, si alguna escuela est\u00e1 interesada, puede requerirlo a trav\u00e9s de un oficio dirigido a Desarrollo Social o a la oficina a su cargo.<\/p>\n\n\n\n<p><strong>#ElVeracruzanoVIP &#8211; <\/strong><a href=\"https:\/\/www.facebook.com\/ElVeracruzanoVIP\/\">El Veracruzano VIP<\/a><\/p>\n","protected":false},"excerpt":{"rendered":"<p>#Coatzacoalcos, #Ver.- Con la finalidad de promover el bienestar emocional y afectivo de los maestros, en beneficio de los alumnos,<\/p>\n","protected":false},"author":4,"featured_media":6275,"comment_status":"open","ping_status":"open","sticky":false,"template":"","format":"standard","meta":{"colormag_page_container_layout":"default_layout","colormag_page_sidebar_layout":"default_layout","rop_custom_images_group":[],"rop_custom_messages_group":[],"rop_publish_now":"initial","rop_publish_now_accounts":{"facebook_109133384920963_108472061465099":""},"rop_publish_now_history":[],"rop_publish_now_status":"pending","footnotes":""},"categories":[10],"tags":[78,37,17,26,20,18,19,91,84,21,23,22],"class_list":["post-6274","post","type-post","status-publish","format-standard","has-post-thumbnail","hentry","category-municipios","tag-amado-cruz-malpica","tag-coatzacoalcos","tag-cuitlahuac-garcia-jimenez","tag-el-veracruzano-vip","tag-enterate","tag-gobierno-del-estado-de-veracruz","tag-redes-sociales","tag-secretaria-de-educacion-veracruz","tag-secretaria-de-proteccion-civil-del-estado-de-veracruz","tag-ultima-hora","tag-ultimas-noticias","tag-ultimo-minuto"],"_links":{"self":[{"href":"https:\/\/elveracruzano.vip\/index.php?rest_route=\/wp\/v2\/posts\/6274","targetHints":{"allow":["GET"]}}],"collection":[{"href":"https:\/\/elveracruzano.vip\/index.php?rest_route=\/wp\/v2\/posts"}],"about":[{"href":"https:\/\/elveracruzano.vip\/index.php?rest_route=\/wp\/v2\/types\/post"}],"author":[{"embeddable":true,"href":"https:\/\/elveracruzano.vip\/index.php?rest_route=\/wp\/v2\/users\/4"}],"replies":[{"embeddable":true,"href":"https:\/\/elveracruzano.vip\/index.php?rest_route=%2Fwp%2Fv2%2Fcomments&post=6274"}],"version-history":[{"count":1,"href":"https:\/\/elveracruzano.vip\/index.php?rest_route=\/wp\/v2\/posts\/6274\/revisions"}],"predecessor-version":[{"id":6276,"href":"https:\/\/elveracruzano.vip\/index.php?rest_route=\/wp\/v2\/posts\/6274\/revisions\/6276"}],"wp:featuredmedia":[{"embeddable":true,"href":"https:\/\/elveracruzano.vip\/index.php?rest_route=\/wp\/v2\/media\/6275"}],"wp:attachment":[{"href":"https:\/\/elveracruzano.vip\/index.php?rest_route=%2Fwp%2Fv2%2Fmedia&parent=6274"}],"wp:term":[{"taxonomy":"category","embeddable":true,"href":"https:\/\/elveracruzano.vip\/index.php?rest_route=%2Fwp%2Fv2%2Fcategories&post=6274"},{"taxonomy":"post_tag","embeddable":true,"href":"https:\/\/elveracruzano.vip\/index.php?rest_route=%2Fwp%2Fv2%2Ftags&post=6274"}],"curies":[{"name":"wp","href":"https:\/\/api.w.org\/{rel}","templated":true}]}}