{"id":6247,"date":"2023-08-10T19:30:55","date_gmt":"2023-08-11T01:30:55","guid":{"rendered":"http:\/\/elveracruzano.vip\/?p=6247"},"modified":"2023-08-10T19:30:57","modified_gmt":"2023-08-11T01:30:57","slug":"se-llevo-a-cabo-el-taller-co-facilitador-del-programa-familias-fuertes-en-coatepec-raymundoandradr-gobcoatepec","status":"publish","type":"post","link":"https:\/\/elveracruzano.vip\/?p=6247","title":{"rendered":"Se llev\u00f3 a cabo el taller co-facilitador del Programa \u00abFamilias Fuertes en Coatepec \/ @RaymundoAndradR @GobCoatepec >>>"},"content":{"rendered":"\n<p><strong>#Coatepec, #Ver.-<\/strong> El H. Ayuntamiento de Coatepec a trav\u00e9s de la Regidur\u00eda Octava y el Enlace de Salud Municipal, llev\u00f3 a cabo el taller co-facilitador del Programa \u00abFamilias Fuertes\u00bb, impartido por personal de la Jurisdicci\u00f3n Sanitaria V, el cual tiene como objetivo primordial llevar esta valiosa informaci\u00f3n a escuelas secundarias y telesecundarias del municipio.<\/p>\n\n\n\n<p>Durante la capacitaci\u00f3n, se abordaron temas fundamentales como el desarrollo psicosexual y las conductas de riesgo en la adolescencia. Adem\u00e1s, se brind\u00f3 una detallada explicaci\u00f3n de los tres manuales que componen la estrategia Familias Fuertes.<\/p>\n\n\n\n<p><strong>#ElVeracruzanoVIP &#8211; <\/strong><a href=\"https:\/\/www.facebook.com\/ElVeracruzanoVIP\/\">El Veracruzano VIP<\/a><\/p>\n","protected":false},"excerpt":{"rendered":"<p>#Coatepec, #Ver.- El H. Ayuntamiento de Coatepec a trav\u00e9s de la Regidur\u00eda Octava y el Enlace de Salud Municipal, llev\u00f3<\/p>\n","protected":false},"author":4,"featured_media":6248,"comment_status":"open","ping_status":"open","sticky":false,"template":"","format":"standard","meta":{"colormag_page_container_layout":"default_layout","colormag_page_sidebar_layout":"default_layout","rop_custom_images_group":[],"rop_custom_messages_group":[],"rop_publish_now":"initial","rop_publish_now_accounts":{"facebook_109133384920963_108472061465099":""},"rop_publish_now_history":[],"rop_publish_now_status":"pending","footnotes":""},"categories":[10],"tags":[17,26,20,18,83,73,19,100,97,91,84,21,23,22],"class_list":["post-6247","post","type-post","status-publish","format-standard","has-post-thumbnail","hentry","category-municipios","tag-cuitlahuac-garcia-jimenez","tag-el-veracruzano-vip","tag-enterate","tag-gobierno-del-estado-de-veracruz","tag-gobierno-municipal-de-coatepec","tag-raymundo-andrade-rivera","tag-redes-sociales","tag-secretaria-de-economia","tag-secretaria-de-educacion-publica","tag-secretaria-de-educacion-veracruz","tag-secretaria-de-proteccion-civil-del-estado-de-veracruz","tag-ultima-hora","tag-ultimas-noticias","tag-ultimo-minuto"],"_links":{"self":[{"href":"https:\/\/elveracruzano.vip\/index.php?rest_route=\/wp\/v2\/posts\/6247","targetHints":{"allow":["GET"]}}],"collection":[{"href":"https:\/\/elveracruzano.vip\/index.php?rest_route=\/wp\/v2\/posts"}],"about":[{"href":"https:\/\/elveracruzano.vip\/index.php?rest_route=\/wp\/v2\/types\/post"}],"author":[{"embeddable":true,"href":"https:\/\/elveracruzano.vip\/index.php?rest_route=\/wp\/v2\/users\/4"}],"replies":[{"embeddable":true,"href":"https:\/\/elveracruzano.vip\/index.php?rest_route=%2Fwp%2Fv2%2Fcomments&post=6247"}],"version-history":[{"count":1,"href":"https:\/\/elveracruzano.vip\/index.php?rest_route=\/wp\/v2\/posts\/6247\/revisions"}],"predecessor-version":[{"id":6249,"href":"https:\/\/elveracruzano.vip\/index.php?rest_route=\/wp\/v2\/posts\/6247\/revisions\/6249"}],"wp:featuredmedia":[{"embeddable":true,"href":"https:\/\/elveracruzano.vip\/index.php?rest_route=\/wp\/v2\/media\/6248"}],"wp:attachment":[{"href":"https:\/\/elveracruzano.vip\/index.php?rest_route=%2Fwp%2Fv2%2Fmedia&parent=6247"}],"wp:term":[{"taxonomy":"category","embeddable":true,"href":"https:\/\/elveracruzano.vip\/index.php?rest_route=%2Fwp%2Fv2%2Fcategories&post=6247"},{"taxonomy":"post_tag","embeddable":true,"href":"https:\/\/elveracruzano.vip\/index.php?rest_route=%2Fwp%2Fv2%2Ftags&post=6247"}],"curies":[{"name":"wp","href":"https:\/\/api.w.org\/{rel}","templated":true}]}}