{"id":6190,"date":"2023-08-03T18:00:00","date_gmt":"2023-08-04T00:00:00","guid":{"rendered":"http:\/\/elveracruzano.vip\/?p=6190"},"modified":"2023-08-03T17:55:25","modified_gmt":"2023-08-03T23:55:25","slug":"inauguro-dif-estatal-veracruz-la-unidad-basica-de-rehabilitacion-ubr-en-juchique-de-ferrer-cuitlahuacgj-gobiernover","status":"publish","type":"post","link":"https:\/\/elveracruzano.vip\/?p=6190","title":{"rendered":"Inaugur\u00f3 DIF Estatal Veracruz la Unidad B\u00e1sica de Rehabilitaci\u00f3n (UBR), en Juchique de Ferrer \/ @CuitlahuacGJ @GobiernoVer >>>"},"content":{"rendered":"\n<p><strong>#DIF.- <\/strong>En el municipio de Juchique de Ferrer, DIF Estatal Veracruz inaugur\u00f3 la Unidad B\u00e1sica de Rehabilitaci\u00f3n (UBR), la cual beneficiar\u00e1 a la poblaci\u00f3n de este municipio, as\u00ed como de Yecuatla y Colipa.<\/p>\n\n\n\n<p>El principal objetivo de este espacio es ayudar a personas que requieran servicios de fisioterapia, terapia psicol\u00f3gica, de lenguaje y estimulaci\u00f3n temprana.<\/p>\n\n\n\n<figure class=\"wp-block-image aligncenter size-medium is-resized\"><img loading=\"lazy\" decoding=\"async\" src=\"http:\/\/elveracruzano.vip\/wp-content\/uploads\/2023\/08\/image-2-300x200.png\" alt=\"\" class=\"wp-image-6191\" width=\"756\" height=\"504\" srcset=\"https:\/\/elveracruzano.vip\/wp-content\/uploads\/2023\/08\/image-2-300x200.png 300w, https:\/\/elveracruzano.vip\/wp-content\/uploads\/2023\/08\/image-2-1024x683.png 1024w, https:\/\/elveracruzano.vip\/wp-content\/uploads\/2023\/08\/image-2-768x512.png 768w, https:\/\/elveracruzano.vip\/wp-content\/uploads\/2023\/08\/image-2-600x400.png 600w, https:\/\/elveracruzano.vip\/wp-content\/uploads\/2023\/08\/image-2.png 1440w\" sizes=\"auto, (max-width: 756px) 100vw, 756px\" \/><\/figure>\n\n\n\n<p><strong>#ElVeracruzanoVIP &#8211; <\/strong><a href=\"https:\/\/www.facebook.com\/ElVeracruzanoVIP\/\">El Veracruzano VIP<\/a><\/p>\n","protected":false},"excerpt":{"rendered":"<p>#DIF.- En el municipio de Juchique de Ferrer, DIF Estatal Veracruz inaugur\u00f3 la Unidad B\u00e1sica de Rehabilitaci\u00f3n (UBR), la cual<\/p>\n","protected":false},"author":4,"featured_media":6192,"comment_status":"open","ping_status":"open","sticky":false,"template":"","format":"standard","meta":{"colormag_page_container_layout":"default_layout","colormag_page_sidebar_layout":"default_layout","rop_custom_images_group":[],"rop_custom_messages_group":[],"rop_publish_now":"initial","rop_publish_now_accounts":{"facebook_109133384920963_108472061465099":""},"rop_publish_now_history":[],"rop_publish_now_status":"pending","footnotes":""},"categories":[107],"tags":[17,26,20,18,19,100,97,91,84,98,99,21,23,22],"class_list":["post-6190","post","type-post","status-publish","format-standard","has-post-thumbnail","hentry","category-dif","tag-cuitlahuac-garcia-jimenez","tag-el-veracruzano-vip","tag-enterate","tag-gobierno-del-estado-de-veracruz","tag-redes-sociales","tag-secretaria-de-economia","tag-secretaria-de-educacion-publica","tag-secretaria-de-educacion-veracruz","tag-secretaria-de-proteccion-civil-del-estado-de-veracruz","tag-secretaria-del-medio-ambiente","tag-secretaria-del-trabajo-y-prevision-social","tag-ultima-hora","tag-ultimas-noticias","tag-ultimo-minuto"],"_links":{"self":[{"href":"https:\/\/elveracruzano.vip\/index.php?rest_route=\/wp\/v2\/posts\/6190","targetHints":{"allow":["GET"]}}],"collection":[{"href":"https:\/\/elveracruzano.vip\/index.php?rest_route=\/wp\/v2\/posts"}],"about":[{"href":"https:\/\/elveracruzano.vip\/index.php?rest_route=\/wp\/v2\/types\/post"}],"author":[{"embeddable":true,"href":"https:\/\/elveracruzano.vip\/index.php?rest_route=\/wp\/v2\/users\/4"}],"replies":[{"embeddable":true,"href":"https:\/\/elveracruzano.vip\/index.php?rest_route=%2Fwp%2Fv2%2Fcomments&post=6190"}],"version-history":[{"count":1,"href":"https:\/\/elveracruzano.vip\/index.php?rest_route=\/wp\/v2\/posts\/6190\/revisions"}],"predecessor-version":[{"id":6193,"href":"https:\/\/elveracruzano.vip\/index.php?rest_route=\/wp\/v2\/posts\/6190\/revisions\/6193"}],"wp:featuredmedia":[{"embeddable":true,"href":"https:\/\/elveracruzano.vip\/index.php?rest_route=\/wp\/v2\/media\/6192"}],"wp:attachment":[{"href":"https:\/\/elveracruzano.vip\/index.php?rest_route=%2Fwp%2Fv2%2Fmedia&parent=6190"}],"wp:term":[{"taxonomy":"category","embeddable":true,"href":"https:\/\/elveracruzano.vip\/index.php?rest_route=%2Fwp%2Fv2%2Fcategories&post=6190"},{"taxonomy":"post_tag","embeddable":true,"href":"https:\/\/elveracruzano.vip\/index.php?rest_route=%2Fwp%2Fv2%2Ftags&post=6190"}],"curies":[{"name":"wp","href":"https:\/\/api.w.org\/{rel}","templated":true}]}}