{"id":6178,"date":"2023-08-03T17:03:48","date_gmt":"2023-08-03T23:03:48","guid":{"rendered":"http:\/\/elveracruzano.vip\/?p=6178"},"modified":"2023-08-03T17:03:50","modified_gmt":"2023-08-03T23:03:50","slug":"pronto-el-libramiento-de-sayula-desahogara-el-trafico-en-la-carretera-transistmica-cuitlahuacgj-gobiernover","status":"publish","type":"post","link":"https:\/\/elveracruzano.vip\/?p=6178","title":{"rendered":"Pronto el libramiento de Sayula desahogar\u00e1 el tr\u00e1fico en la Carretera Trans\u00edstmica \/ @CuitlahuacGJ @GobiernoVer >>>"},"content":{"rendered":"\n<p><strong>\u00a0#GobiernoDeVeracruz.-<\/strong> La construcci\u00f3n del libramiento de Sayula de Alem\u00e1n podr\u00eda concluir antes de diciembre, pues registra un avance global del 67 por ciento, inform\u00f3 la Secretar\u00eda de Infraestructura, Comunicaciones y Transportes (SICT) al gobernador Cuitl\u00e1huac Garc\u00eda Jim\u00e9nez durante supervisi\u00f3n de obra este mi\u00e9rcoles.<\/p>\n\n\n\n<p>Con una inversi\u00f3n de 537 millones de pesos, esta importante v\u00eda alterna ser\u00e1 de gran impacto en el Corredor Interoce\u00e1nico del Istmo de Tehuantepec, desahogando el flujo vehicular de la Carretera Trans\u00edstmica y acortando el tiempo de traslado de unidades de carga.<\/p>\n\n\n\n<p>El mandatario celebr\u00f3 el inter\u00e9s de la Federaci\u00f3n por impulsar la parte sur del pa\u00eds que pas\u00f3 varios sexenios en el abandono. \u201cAqu\u00ed se ve claramente la intenci\u00f3n del presidente Andr\u00e9s Manuel L\u00f3pez Obrador, a trav\u00e9s de megaproyectos que beneficien a todas las poblaciones\u201d.<\/p>\n\n\n\n<p>Igualmente reconoci\u00f3 la suma de esfuerzos a los alcaldes de la regi\u00f3n, su apoyo en la tramitolog\u00eda y los procesos de mejora regulatoria que facilitar\u00e1n el asentamiento de las empresas en los polos de Desarrollo para el Bienestar.<\/p>\n\n\n\n<p>Acompa\u00f1ado por el director del Centro SICT Veracruz, Luis Antonio Posada Flores, recorri\u00f3 los 6.5 kil\u00f3metros donde el Gobierno construye dos carriles de circulaci\u00f3n y acotamiento en asfalto, as\u00ed como los entronques Vista Hermosa y Gregorio Baruch sobre la Carretera Federal 185 (Coatzacoalcos-Salina Cruz); El Zapotal, que conecta con la 145 (La Tinaja-Sayula), y los siete puentes inferiores.<\/p>\n\n\n\n<p>De manera directa se ver\u00e1n beneficiados 32 mil 400 habitantes de la cabecera municipal, aunque tambi\u00e9n buena parte de la poblaci\u00f3n de Acayucan al librar este punto que es paso obligado del transporte p\u00fablico y privado.<\/p>\n\n\n\n<p><strong>#ElVeracruzanoVIP &#8211; <\/strong><a href=\"https:\/\/www.facebook.com\/ElVeracruzanoVIP\/\">El Veracruzano VIP<\/a><\/p>\n","protected":false},"excerpt":{"rendered":"<p>\u00a0#GobiernoDeVeracruz.- La construcci\u00f3n del libramiento de Sayula de Alem\u00e1n podr\u00eda concluir antes de diciembre, pues registra un avance global del<\/p>\n","protected":false},"author":4,"featured_media":6179,"comment_status":"open","ping_status":"open","sticky":false,"template":"","format":"standard","meta":{"colormag_page_container_layout":"default_layout","colormag_page_sidebar_layout":"default_layout","rop_custom_images_group":[],"rop_custom_messages_group":[],"rop_publish_now":"initial","rop_publish_now_accounts":{"facebook_109133384920963_108472061465099":""},"rop_publish_now_history":[],"rop_publish_now_status":"pending","footnotes":""},"categories":[16],"tags":[17,26,20,18,19,97,91,84,98,99,21,23,22],"class_list":["post-6178","post","type-post","status-publish","format-standard","has-post-thumbnail","hentry","category-ultima-hora","tag-cuitlahuac-garcia-jimenez","tag-el-veracruzano-vip","tag-enterate","tag-gobierno-del-estado-de-veracruz","tag-redes-sociales","tag-secretaria-de-educacion-publica","tag-secretaria-de-educacion-veracruz","tag-secretaria-de-proteccion-civil-del-estado-de-veracruz","tag-secretaria-del-medio-ambiente","tag-secretaria-del-trabajo-y-prevision-social","tag-ultima-hora","tag-ultimas-noticias","tag-ultimo-minuto"],"_links":{"self":[{"href":"https:\/\/elveracruzano.vip\/index.php?rest_route=\/wp\/v2\/posts\/6178","targetHints":{"allow":["GET"]}}],"collection":[{"href":"https:\/\/elveracruzano.vip\/index.php?rest_route=\/wp\/v2\/posts"}],"about":[{"href":"https:\/\/elveracruzano.vip\/index.php?rest_route=\/wp\/v2\/types\/post"}],"author":[{"embeddable":true,"href":"https:\/\/elveracruzano.vip\/index.php?rest_route=\/wp\/v2\/users\/4"}],"replies":[{"embeddable":true,"href":"https:\/\/elveracruzano.vip\/index.php?rest_route=%2Fwp%2Fv2%2Fcomments&post=6178"}],"version-history":[{"count":1,"href":"https:\/\/elveracruzano.vip\/index.php?rest_route=\/wp\/v2\/posts\/6178\/revisions"}],"predecessor-version":[{"id":6180,"href":"https:\/\/elveracruzano.vip\/index.php?rest_route=\/wp\/v2\/posts\/6178\/revisions\/6180"}],"wp:featuredmedia":[{"embeddable":true,"href":"https:\/\/elveracruzano.vip\/index.php?rest_route=\/wp\/v2\/media\/6179"}],"wp:attachment":[{"href":"https:\/\/elveracruzano.vip\/index.php?rest_route=%2Fwp%2Fv2%2Fmedia&parent=6178"}],"wp:term":[{"taxonomy":"category","embeddable":true,"href":"https:\/\/elveracruzano.vip\/index.php?rest_route=%2Fwp%2Fv2%2Fcategories&post=6178"},{"taxonomy":"post_tag","embeddable":true,"href":"https:\/\/elveracruzano.vip\/index.php?rest_route=%2Fwp%2Fv2%2Ftags&post=6178"}],"curies":[{"name":"wp","href":"https:\/\/api.w.org\/{rel}","templated":true}]}}