{"id":6153,"date":"2023-08-01T16:53:48","date_gmt":"2023-08-01T22:53:48","guid":{"rendered":"http:\/\/elveracruzano.vip\/?p=6153"},"modified":"2023-08-01T16:53:50","modified_gmt":"2023-08-01T22:53:50","slug":"en-5-anos-la-4t-invierte-3-mil-mdp-en-infraestructura-de-salud-cuitlahuac-garcia-cuitlahuacgj-gobiernover","status":"publish","type":"post","link":"https:\/\/elveracruzano.vip\/?p=6153","title":{"rendered":"En 5 a\u00f1os la 4T invierte 3 mil mdp en infraestructura de salud: Cuitl\u00e1huac Garc\u00eda \/ @CuitlahuacGJ @GobiernoVer >>>"},"content":{"rendered":"\n<p><strong>#GobiernoDeVeracruz.- <\/strong>Con una inversi\u00f3n de 2 mil 922 millones de pesos en menos de cinco a\u00f1os, el gobernador Cuitl\u00e1huac Garc\u00eda Jim\u00e9nez super\u00f3 por mucho a sus dos antecesores, quienes apenas destinaron mil 520 mdp en 320 acciones, algunas de ellas inconclusas o abandonadas.<\/p>\n\n\n\n<p>Esta cifra hist\u00f3rica se ve reflejada en 620 obras: 219 mantenimientos mayores en centros de salud y hospitales, 128 remodelaciones, 23 sustituciones completas, 25 construcciones de obra nueva, 43 terminaciones de centros de salud heredadas de administraciones pasadas y 34 proyectos de infraestructura pr\u00f3ximos a culminarse.<\/p>\n\n\n\n<p>\u201cQuiz\u00e1 haya quien no supo c\u00f3mo estaba el Hospital Regional de Perote, abandonado, hoy est\u00e1 concluido, equipado y operando; esa es la gran diferencia, estamos respondiendo a la demanda del sector salud y a m\u00e1s tardar en marzo, con una inversi\u00f3n de 205 mdp, entregaremos el Hospital de Nautla, otro de los que dejaron\u201d, anunci\u00f3 el titular del Ejecutivo.<\/p>\n\n\n\n<p>Adem\u00e1s, mediante el apoyo del presidente Andr\u00e9s Manuel L\u00f3pez Obrador, llegar\u00e1n al Hospital Regional de Alta Especialidad de Veracruz dos equipos nuevos con un costo de 45 mdp. \u201cEsto es s\u00f3lo una muestra de lo que logramos cuando unificamos todas las voluntades, es muy reconfortante que despu\u00e9s de cinco a\u00f1os podamos ver materializado este gran esfuerzo en hechos irrefutables\u201d, expres\u00f3.<\/p>\n\n\n\n<p>Acompa\u00f1ado por el secretario de Salud, Gerardo D\u00edaz Morales, el mandatario entreg\u00f3 22 ambulancias de urgencias b\u00e1sicas y apoyos auxiliares que, a partir de hoy, estar\u00e1n al servicio de la poblaci\u00f3n de comunidades de alta y muy alta marginaci\u00f3n, gracias a la aportaci\u00f3n de la Administraci\u00f3n del Patrimonio de la Beneficencia P\u00fablica Federal.<\/p>\n\n\n\n<p><strong>#ElVeracruzanoVIP &#8211; <\/strong><a href=\"https:\/\/www.facebook.com\/ElVeracruzanoVIP\/\">El Veracruzano VIP<\/a><\/p>\n","protected":false},"excerpt":{"rendered":"<p>#GobiernoDeVeracruz.- Con una inversi\u00f3n de 2 mil 922 millones de pesos en menos de cinco a\u00f1os, el gobernador Cuitl\u00e1huac Garc\u00eda<\/p>\n","protected":false},"author":4,"featured_media":6154,"comment_status":"open","ping_status":"open","sticky":false,"template":"","format":"standard","meta":{"colormag_page_container_layout":"default_layout","colormag_page_sidebar_layout":"default_layout","rop_custom_images_group":[],"rop_custom_messages_group":[],"rop_publish_now":"initial","rop_publish_now_accounts":{"facebook_109133384920963_108472061465099":""},"rop_publish_now_history":[],"rop_publish_now_status":"pending","footnotes":""},"categories":[16],"tags":[17,26,20,18,19,100,91,84,98,99,21,23,22],"class_list":["post-6153","post","type-post","status-publish","format-standard","has-post-thumbnail","hentry","category-ultima-hora","tag-cuitlahuac-garcia-jimenez","tag-el-veracruzano-vip","tag-enterate","tag-gobierno-del-estado-de-veracruz","tag-redes-sociales","tag-secretaria-de-economia","tag-secretaria-de-educacion-veracruz","tag-secretaria-de-proteccion-civil-del-estado-de-veracruz","tag-secretaria-del-medio-ambiente","tag-secretaria-del-trabajo-y-prevision-social","tag-ultima-hora","tag-ultimas-noticias","tag-ultimo-minuto"],"_links":{"self":[{"href":"https:\/\/elveracruzano.vip\/index.php?rest_route=\/wp\/v2\/posts\/6153","targetHints":{"allow":["GET"]}}],"collection":[{"href":"https:\/\/elveracruzano.vip\/index.php?rest_route=\/wp\/v2\/posts"}],"about":[{"href":"https:\/\/elveracruzano.vip\/index.php?rest_route=\/wp\/v2\/types\/post"}],"author":[{"embeddable":true,"href":"https:\/\/elveracruzano.vip\/index.php?rest_route=\/wp\/v2\/users\/4"}],"replies":[{"embeddable":true,"href":"https:\/\/elveracruzano.vip\/index.php?rest_route=%2Fwp%2Fv2%2Fcomments&post=6153"}],"version-history":[{"count":1,"href":"https:\/\/elveracruzano.vip\/index.php?rest_route=\/wp\/v2\/posts\/6153\/revisions"}],"predecessor-version":[{"id":6155,"href":"https:\/\/elveracruzano.vip\/index.php?rest_route=\/wp\/v2\/posts\/6153\/revisions\/6155"}],"wp:featuredmedia":[{"embeddable":true,"href":"https:\/\/elveracruzano.vip\/index.php?rest_route=\/wp\/v2\/media\/6154"}],"wp:attachment":[{"href":"https:\/\/elveracruzano.vip\/index.php?rest_route=%2Fwp%2Fv2%2Fmedia&parent=6153"}],"wp:term":[{"taxonomy":"category","embeddable":true,"href":"https:\/\/elveracruzano.vip\/index.php?rest_route=%2Fwp%2Fv2%2Fcategories&post=6153"},{"taxonomy":"post_tag","embeddable":true,"href":"https:\/\/elveracruzano.vip\/index.php?rest_route=%2Fwp%2Fv2%2Ftags&post=6153"}],"curies":[{"name":"wp","href":"https:\/\/api.w.org\/{rel}","templated":true}]}}