{"id":6076,"date":"2023-07-27T17:02:16","date_gmt":"2023-07-27T23:02:16","guid":{"rendered":"http:\/\/elveracruzano.vip\/?p=6076"},"modified":"2023-07-27T17:02:17","modified_gmt":"2023-07-27T23:02:17","slug":"gobiernos-federal-y-estatal-presentan-estimulos-para-atraer-inversiones-al-istmo-cuitlahuacgj-gobiernover","status":"publish","type":"post","link":"https:\/\/elveracruzano.vip\/?p=6076","title":{"rendered":"Gobiernos federal y estatal presentan est\u00edmulos para atraer inversiones al Istmo \/ @CuitlahuacGJ @GobiernoVer >>>"},"content":{"rendered":"\n<p><strong>#GobiernoDeVeracruz.- <\/strong>Al sector empresarial interesado en establecerse en los Polos de Desarrollo para el Bienestar del Corredor Interoce\u00e1nico del Istmo de Tehuantepec, los gobernadores de Veracruz, Cuitl\u00e1huac Garc\u00eda Jim\u00e9nez; de Oaxaca, Salom\u00f3n Jara Cruz y la secretaria de Econom\u00eda, Raquel Buenrostro S\u00e1nchez, presentaron el paquete de incentivos fiscales.<\/p>\n\n\n\n<p>Con el objetivo de estimular la reubicaci\u00f3n de empresas y atraer inversi\u00f3n, Veracruz otorgar\u00e1 un est\u00edmulo del 100 por ciento en los primeros tres ejercicios fiscales y un 50% los siguientes tres al erogar los impuestos a la n\u00f3mina, tenencia o uso de veh\u00edculos, adquisici\u00f3n de \u00e9stos \u00faltimos, fomento a la educaci\u00f3n y el derecho por el uso, goce, aprovechamiento o explotaci\u00f3n de bienes p\u00fablicos.<\/p>\n\n\n\n<p>Aunado a ello, Garc\u00eda Jim\u00e9nez expuso que se les exentar\u00e1 de los costos de tr\u00e1mites que tengan que hacer, de acuerdo al rubro, en las secretar\u00edas de Finanzas y Planeaci\u00f3n, Gobierno, Salud, Protecci\u00f3n Civil, Medio Ambiente, Desarrollo Social y la Comisi\u00f3n de Agua del Estado.<\/p>\n\n\n\n<p>A trav\u00e9s de la Secretar\u00eda de Desarrollo Econ\u00f3mico y Portuario se adecu\u00f3 el Marco Regulatorio enfocado en las inversiones y en agilizar la tramitolog\u00eda. Adem\u00e1s, se cre\u00f3 la Comisi\u00f3n de Fomento a la Inversi\u00f3n que dar\u00e1 seguimiento y acompa\u00f1amiento, casi personalizado; en Coatzacoalcos se cuenta con una ventanilla \u00fanica para el Istmo.<\/p>\n\n\n\n<p>El Gobierno federal tiene en licitaci\u00f3n los polos Coatzacoalcos I, Coatzacoalcos II, San Juan Evangelista, Texistepec y San Blas Atempa; de ah\u00ed que la Secretaria de Econom\u00eda puntualiz\u00f3 que el 17 de noviembre ganar\u00e1n el concurso las compa\u00f1\u00edas que oferten mayor inversi\u00f3n, n\u00famero de empleos y los mejores salarios, tambi\u00e9n explic\u00f3 que Veracruz y Oaxaca ser\u00e1n tratados como un solo territorio.<\/p>\n\n\n\n<p><strong>#ElVeracruzanoVIP &#8211; <\/strong><a href=\"https:\/\/www.facebook.com\/ElVeracruzanoVIP\/\">El Veracruzano VIP<\/a><\/p>\n","protected":false},"excerpt":{"rendered":"<p>#GobiernoDeVeracruz.- Al sector empresarial interesado en establecerse en los Polos de Desarrollo para el Bienestar del Corredor Interoce\u00e1nico del Istmo<\/p>\n","protected":false},"author":4,"featured_media":6077,"comment_status":"open","ping_status":"open","sticky":false,"template":"","format":"standard","meta":{"colormag_page_container_layout":"default_layout","colormag_page_sidebar_layout":"default_layout","rop_custom_images_group":[],"rop_custom_messages_group":[],"rop_publish_now":"initial","rop_publish_now_accounts":{"facebook_109133384920963_108472061465099":""},"rop_publish_now_history":[],"rop_publish_now_status":"pending","footnotes":""},"categories":[14],"tags":[17,26,20,18,19,97,91,84,98,99,21,23,22],"class_list":["post-6076","post","type-post","status-publish","format-standard","has-post-thumbnail","hentry","category-secretarias","tag-cuitlahuac-garcia-jimenez","tag-el-veracruzano-vip","tag-enterate","tag-gobierno-del-estado-de-veracruz","tag-redes-sociales","tag-secretaria-de-educacion-publica","tag-secretaria-de-educacion-veracruz","tag-secretaria-de-proteccion-civil-del-estado-de-veracruz","tag-secretaria-del-medio-ambiente","tag-secretaria-del-trabajo-y-prevision-social","tag-ultima-hora","tag-ultimas-noticias","tag-ultimo-minuto"],"_links":{"self":[{"href":"https:\/\/elveracruzano.vip\/index.php?rest_route=\/wp\/v2\/posts\/6076","targetHints":{"allow":["GET"]}}],"collection":[{"href":"https:\/\/elveracruzano.vip\/index.php?rest_route=\/wp\/v2\/posts"}],"about":[{"href":"https:\/\/elveracruzano.vip\/index.php?rest_route=\/wp\/v2\/types\/post"}],"author":[{"embeddable":true,"href":"https:\/\/elveracruzano.vip\/index.php?rest_route=\/wp\/v2\/users\/4"}],"replies":[{"embeddable":true,"href":"https:\/\/elveracruzano.vip\/index.php?rest_route=%2Fwp%2Fv2%2Fcomments&post=6076"}],"version-history":[{"count":1,"href":"https:\/\/elveracruzano.vip\/index.php?rest_route=\/wp\/v2\/posts\/6076\/revisions"}],"predecessor-version":[{"id":6078,"href":"https:\/\/elveracruzano.vip\/index.php?rest_route=\/wp\/v2\/posts\/6076\/revisions\/6078"}],"wp:featuredmedia":[{"embeddable":true,"href":"https:\/\/elveracruzano.vip\/index.php?rest_route=\/wp\/v2\/media\/6077"}],"wp:attachment":[{"href":"https:\/\/elveracruzano.vip\/index.php?rest_route=%2Fwp%2Fv2%2Fmedia&parent=6076"}],"wp:term":[{"taxonomy":"category","embeddable":true,"href":"https:\/\/elveracruzano.vip\/index.php?rest_route=%2Fwp%2Fv2%2Fcategories&post=6076"},{"taxonomy":"post_tag","embeddable":true,"href":"https:\/\/elveracruzano.vip\/index.php?rest_route=%2Fwp%2Fv2%2Ftags&post=6076"}],"curies":[{"name":"wp","href":"https:\/\/api.w.org\/{rel}","templated":true}]}}