{"id":606,"date":"2022-01-18T13:19:30","date_gmt":"2022-01-18T19:19:30","guid":{"rendered":"http:\/\/elveracruzano.vip\/?p=606"},"modified":"2022-01-18T13:19:31","modified_gmt":"2022-01-18T19:19:31","slug":"mas-del-85-por-ciento-de-docentes-registrados-para-dosis-de-refuerzo","status":"publish","type":"post","link":"https:\/\/elveracruzano.vip\/?p=606","title":{"rendered":"M\u00e1s del 85 por ciento de docentes registrados para dosis de refuerzo"},"content":{"rendered":"\n<p><strong>#GobiernoDeVeracruz<\/strong>.- La gran respuesta de los maestros, hasta el d\u00eda domingo, indica que son 152 mil 023 los anotados para el refuerzo de la vacuna anticoronavirus; esto significa una cobertura del 85.78% de la meta, que es 177 mil, inform\u00f3 el gobernador Cuitl\u00e1huac Garc\u00eda Jim\u00e9nez en conferencia de prensa.<\/p>\n\n\n\n<p>Del total anterior, 139 mil 861 (92%) se dieron de alta en la plataforma, en tanto que sin dicho procedimiento 12 mil 162 (8%). Las sedes con mayor convocatoria fueron Orizaba con 24 mil 026, Boca del R\u00edo 22 mil 180, Xalapa (Normal Veracruzana) 21 mil 540, Xalapa (Gimnasio Omega) 19 mil 074 y Coatzacoalcos 17 mil 241.<\/p>\n\n\n\n<p>Cabe mencionar que la tercera dosis es para el personal educativo con seis meses de haber completado la primera etapa de inmunizaci\u00f3n, independientemente del tipo de biol\u00f3gico (marca) recibido.<\/p>\n\n\n\n<p>Por \u00faltimo, el mandatario enlist\u00f3 nuevamente los requisitos: registro en mivacunasalud.gob.mx, CURP, identificaci\u00f3n de su centro de trabajo, identificaci\u00f3n oficial y certificado del primer esquema. Quienes todav\u00eda no han hecho el prerregistro tienen dos opciones: mivacunasalud.gob.mx y mivacuna.sev.gob.mx.<\/p>\n\n\n\n<p><strong>#ElVeracruzanoVip<\/strong><\/p>\n","protected":false},"excerpt":{"rendered":"<p>#GobiernoDeVeracruz.- La gran respuesta de los maestros, hasta el d\u00eda domingo, indica que son 152 mil 023 los anotados para<\/p>\n","protected":false},"author":4,"featured_media":0,"comment_status":"open","ping_status":"open","sticky":false,"template":"","format":"standard","meta":{"colormag_page_container_layout":"default_layout","colormag_page_sidebar_layout":"default_layout","rop_custom_images_group":[],"rop_custom_messages_group":[],"rop_publish_now":"initial","rop_publish_now_accounts":{"facebook_109133384920963_108472061465099":""},"rop_publish_now_history":[],"rop_publish_now_status":"pending","footnotes":""},"categories":[13],"tags":[17,26,20,18,19,21,23,22],"class_list":["post-606","post","type-post","status-publish","format-standard","hentry","category-principales","tag-cuitlahuac-garcia-jimenez","tag-el-veracruzano-vip","tag-enterate","tag-gobierno-del-estado-de-veracruz","tag-redes-sociales","tag-ultima-hora","tag-ultimas-noticias","tag-ultimo-minuto"],"_links":{"self":[{"href":"https:\/\/elveracruzano.vip\/index.php?rest_route=\/wp\/v2\/posts\/606","targetHints":{"allow":["GET"]}}],"collection":[{"href":"https:\/\/elveracruzano.vip\/index.php?rest_route=\/wp\/v2\/posts"}],"about":[{"href":"https:\/\/elveracruzano.vip\/index.php?rest_route=\/wp\/v2\/types\/post"}],"author":[{"embeddable":true,"href":"https:\/\/elveracruzano.vip\/index.php?rest_route=\/wp\/v2\/users\/4"}],"replies":[{"embeddable":true,"href":"https:\/\/elveracruzano.vip\/index.php?rest_route=%2Fwp%2Fv2%2Fcomments&post=606"}],"version-history":[{"count":1,"href":"https:\/\/elveracruzano.vip\/index.php?rest_route=\/wp\/v2\/posts\/606\/revisions"}],"predecessor-version":[{"id":608,"href":"https:\/\/elveracruzano.vip\/index.php?rest_route=\/wp\/v2\/posts\/606\/revisions\/608"}],"wp:attachment":[{"href":"https:\/\/elveracruzano.vip\/index.php?rest_route=%2Fwp%2Fv2%2Fmedia&parent=606"}],"wp:term":[{"taxonomy":"category","embeddable":true,"href":"https:\/\/elveracruzano.vip\/index.php?rest_route=%2Fwp%2Fv2%2Fcategories&post=606"},{"taxonomy":"post_tag","embeddable":true,"href":"https:\/\/elveracruzano.vip\/index.php?rest_route=%2Fwp%2Fv2%2Ftags&post=606"}],"curies":[{"name":"wp","href":"https:\/\/api.w.org\/{rel}","templated":true}]}}