{"id":6045,"date":"2023-07-25T17:44:42","date_gmt":"2023-07-25T23:44:42","guid":{"rendered":"http:\/\/elveracruzano.vip\/?p=6045"},"modified":"2023-07-25T17:44:57","modified_gmt":"2023-07-25T23:44:57","slug":"entrega-presidente-municipal-de-orizaba-patrullas-naranja-para-combatir-la-violencia-de-genero-jmdiezmx-aytodeorizaba","status":"publish","type":"post","link":"https:\/\/elveracruzano.vip\/?p=6045","title":{"rendered":"Entrega presidente municipal de Orizaba, Patrullas Naranja para combatir la violencia de g\u00e9nero \/ @JMDiezMX @aytodeorizaba >>>"},"content":{"rendered":"\n<p><strong>#Orizaba, #Ver.-<\/strong> En apego a el D\u00eda Naranja que se conmemora el 25 de cada mes, en Orizaba, el Lic. Juan Manuel Diez Francos, alcalde de la ciudad en compa\u00f1\u00eda del Cabildo Municipal, hizo entrega de 2 Patrullas Naranja al Capit\u00e1n de Nav\u00edo Narciso Pe\u00f1a Cort\u00e9s, Coordinador de Seguridad P\u00fablica Municipal de Orizaba y al Teniente de Nav\u00edo Pl\u00e1cido Andr\u00e9s Rodr\u00edguez Dom\u00ednguez, Comandante de la Polic\u00eda Municipal de Orizaba, las cuales estar\u00e1n al servicio de la ciudadan\u00eda con la finalidad de enfrentar la violencia de g\u00e9nero.<\/p>\n\n\n\n<p>Con esta nueva implementaci\u00f3n, la Polic\u00eda Local de Orizaba se suma a atender las diferentes formas de violencia para que dejen de ser parte de la vida cotidiana de mujeres y ni\u00f1as.<\/p>\n\n\n\n<p><strong>#ElVeracruzanoVIP &#8211; <\/strong><a href=\"https:\/\/www.facebook.com\/ElVeracruzanoVIP\/\">El Veracruzano VIP<\/a><\/p>\n","protected":false},"excerpt":{"rendered":"<p>#Orizaba, #Ver.- En apego a el D\u00eda Naranja que se conmemora el 25 de cada mes, en Orizaba, el Lic.<\/p>\n","protected":false},"author":4,"featured_media":6046,"comment_status":"open","ping_status":"open","sticky":false,"template":"","format":"standard","meta":{"colormag_page_container_layout":"default_layout","colormag_page_sidebar_layout":"default_layout","rop_custom_images_group":[],"rop_custom_messages_group":[],"rop_publish_now":"initial","rop_publish_now_accounts":{"facebook_109133384920963_108472061465099":""},"rop_publish_now_history":[],"rop_publish_now_status":"pending","footnotes":""},"categories":[11],"tags":[53,17,26,20,18,81,19,100,91,84,98,99,21,23,22],"class_list":["post-6045","post","type-post","status-publish","format-standard","has-post-thumbnail","hentry","category-municipios-destacados","tag-ayuntamiento-de-orizaba","tag-cuitlahuac-garcia-jimenez","tag-el-veracruzano-vip","tag-enterate","tag-gobierno-del-estado-de-veracruz","tag-juan-manuel-diez","tag-redes-sociales","tag-secretaria-de-economia","tag-secretaria-de-educacion-veracruz","tag-secretaria-de-proteccion-civil-del-estado-de-veracruz","tag-secretaria-del-medio-ambiente","tag-secretaria-del-trabajo-y-prevision-social","tag-ultima-hora","tag-ultimas-noticias","tag-ultimo-minuto"],"_links":{"self":[{"href":"https:\/\/elveracruzano.vip\/index.php?rest_route=\/wp\/v2\/posts\/6045","targetHints":{"allow":["GET"]}}],"collection":[{"href":"https:\/\/elveracruzano.vip\/index.php?rest_route=\/wp\/v2\/posts"}],"about":[{"href":"https:\/\/elveracruzano.vip\/index.php?rest_route=\/wp\/v2\/types\/post"}],"author":[{"embeddable":true,"href":"https:\/\/elveracruzano.vip\/index.php?rest_route=\/wp\/v2\/users\/4"}],"replies":[{"embeddable":true,"href":"https:\/\/elveracruzano.vip\/index.php?rest_route=%2Fwp%2Fv2%2Fcomments&post=6045"}],"version-history":[{"count":2,"href":"https:\/\/elveracruzano.vip\/index.php?rest_route=\/wp\/v2\/posts\/6045\/revisions"}],"predecessor-version":[{"id":6048,"href":"https:\/\/elveracruzano.vip\/index.php?rest_route=\/wp\/v2\/posts\/6045\/revisions\/6048"}],"wp:featuredmedia":[{"embeddable":true,"href":"https:\/\/elveracruzano.vip\/index.php?rest_route=\/wp\/v2\/media\/6046"}],"wp:attachment":[{"href":"https:\/\/elveracruzano.vip\/index.php?rest_route=%2Fwp%2Fv2%2Fmedia&parent=6045"}],"wp:term":[{"taxonomy":"category","embeddable":true,"href":"https:\/\/elveracruzano.vip\/index.php?rest_route=%2Fwp%2Fv2%2Fcategories&post=6045"},{"taxonomy":"post_tag","embeddable":true,"href":"https:\/\/elveracruzano.vip\/index.php?rest_route=%2Fwp%2Fv2%2Ftags&post=6045"}],"curies":[{"name":"wp","href":"https:\/\/api.w.org\/{rel}","templated":true}]}}