{"id":6035,"date":"2023-07-20T19:00:45","date_gmt":"2023-07-21T01:00:45","guid":{"rendered":"http:\/\/elveracruzano.vip\/?p=6035"},"modified":"2023-07-20T19:00:46","modified_gmt":"2023-07-21T01:00:46","slug":"llevan-campanas-de-salud-a-la-zona-rural-de-minatitlan-dramedelpalma-gobminatitlan","status":"publish","type":"post","link":"https:\/\/elveracruzano.vip\/?p=6035","title":{"rendered":"Llevan campa\u00f1as de salud a la zona rural de Minatitl\u00e1n \/ @DraMedelPalma @gobminatitlan >>>"},"content":{"rendered":"\n<p><strong>#Minatitl\u00e1n, #Ver.-<\/strong> Como parte de la primera Jornada Nacional de Salud P\u00fablica 2023 \u201cComunidad sana, comunidad fuerte\u201d, que implementa el gobierno federal a trav\u00e9s del Ayuntamiento de Minatitl\u00e1n, se llev\u00f3 a cabo una campa\u00f1a de Papanicolaou en diferentes comunidades de la zona rural.<\/p>\n\n\n\n<p>El doctor Salvador S\u00e1nchez D\u00edaz, jefe de Salud Municipal; explic\u00f3 que estas acciones se realizan con el objetivo de prevenir el c\u00e1ncer <a><\/a>cervicouterino, donde las m\u00e1s propensas son mujeres que est\u00e1n en edad reproductiva o aquellas que ya han sido mam\u00e1s, por ello es de gran importancia que se realicen de manera peri\u00f3dica dichos estudios.<\/p>\n\n\n\n<p>En esta ocasi\u00f3n visitaron la comunidad del Chiflido, Otapa y Capoacan, donde atendieron a cerca de cien mujeres, a quienes se les inform\u00f3 de la importancia de realizarse estudios de manera peri\u00f3dica, ser\u00e1 la pr\u00f3xima semana cuando visiten las comunidades del Remolino, San Crist\u00f3bal, Antonio Plaza, Emilio Carranza y la Concepci\u00f3n.<\/p>\n\n\n\n<p>De esta manera, la alcaldesa y Presidenta de la Red Veracruzana de Municipios por la Salud, doctora Carmen Medel Palma, mantiene el compromiso de fomentar una cultura de prevenci\u00f3n de enfermedades, y es a trav\u00e9s de estas jornadas m\u00e9dicas como da respuesta a la ciudadan\u00eda m\u00e1s vulnerable, inclusive llegando a las zonas m\u00e1s alejadas de la cabecera municipal.<\/p>\n\n\n\n<p><strong>#ElVeracruzanoVIP &#8211; <\/strong><a href=\"https:\/\/www.facebook.com\/ElVeracruzanoVIP\/\">El Veracruzano VIP<\/a><\/p>\n","protected":false},"excerpt":{"rendered":"<p>#Minatitl\u00e1n, #Ver.- Como parte de la primera Jornada Nacional de Salud P\u00fablica 2023 \u201cComunidad sana, comunidad fuerte\u201d, que implementa el<\/p>\n","protected":false},"author":4,"featured_media":6036,"comment_status":"open","ping_status":"open","sticky":false,"template":"","format":"standard","meta":{"colormag_page_container_layout":"default_layout","colormag_page_sidebar_layout":"default_layout","rop_custom_images_group":[],"rop_custom_messages_group":[],"rop_publish_now":"initial","rop_publish_now_accounts":{"facebook_109133384920963_108472061465099":""},"rop_publish_now_history":[],"rop_publish_now_status":"pending","footnotes":""},"categories":[8],"tags":[80,17,26,20,18,39,19,97,91,84,98,99,21,23,22],"class_list":["post-6035","post","type-post","status-publish","format-standard","has-post-thumbnail","hentry","category-alcaldesas","tag-carmen-medel-palma","tag-cuitlahuac-garcia-jimenez","tag-el-veracruzano-vip","tag-enterate","tag-gobierno-del-estado-de-veracruz","tag-minatitlan","tag-redes-sociales","tag-secretaria-de-educacion-publica","tag-secretaria-de-educacion-veracruz","tag-secretaria-de-proteccion-civil-del-estado-de-veracruz","tag-secretaria-del-medio-ambiente","tag-secretaria-del-trabajo-y-prevision-social","tag-ultima-hora","tag-ultimas-noticias","tag-ultimo-minuto"],"_links":{"self":[{"href":"https:\/\/elveracruzano.vip\/index.php?rest_route=\/wp\/v2\/posts\/6035","targetHints":{"allow":["GET"]}}],"collection":[{"href":"https:\/\/elveracruzano.vip\/index.php?rest_route=\/wp\/v2\/posts"}],"about":[{"href":"https:\/\/elveracruzano.vip\/index.php?rest_route=\/wp\/v2\/types\/post"}],"author":[{"embeddable":true,"href":"https:\/\/elveracruzano.vip\/index.php?rest_route=\/wp\/v2\/users\/4"}],"replies":[{"embeddable":true,"href":"https:\/\/elveracruzano.vip\/index.php?rest_route=%2Fwp%2Fv2%2Fcomments&post=6035"}],"version-history":[{"count":1,"href":"https:\/\/elveracruzano.vip\/index.php?rest_route=\/wp\/v2\/posts\/6035\/revisions"}],"predecessor-version":[{"id":6037,"href":"https:\/\/elveracruzano.vip\/index.php?rest_route=\/wp\/v2\/posts\/6035\/revisions\/6037"}],"wp:featuredmedia":[{"embeddable":true,"href":"https:\/\/elveracruzano.vip\/index.php?rest_route=\/wp\/v2\/media\/6036"}],"wp:attachment":[{"href":"https:\/\/elveracruzano.vip\/index.php?rest_route=%2Fwp%2Fv2%2Fmedia&parent=6035"}],"wp:term":[{"taxonomy":"category","embeddable":true,"href":"https:\/\/elveracruzano.vip\/index.php?rest_route=%2Fwp%2Fv2%2Fcategories&post=6035"},{"taxonomy":"post_tag","embeddable":true,"href":"https:\/\/elveracruzano.vip\/index.php?rest_route=%2Fwp%2Fv2%2Ftags&post=6035"}],"curies":[{"name":"wp","href":"https:\/\/api.w.org\/{rel}","templated":true}]}}