{"id":5974,"date":"2023-07-13T20:07:07","date_gmt":"2023-07-14T02:07:07","guid":{"rendered":"http:\/\/elveracruzano.vip\/?p=5974"},"modified":"2023-07-13T20:07:09","modified_gmt":"2023-07-14T02:07:09","slug":"gobierno-de-mexico-analiza-comprar-12-hospitales-concesionados-a-empresas-privadas-lopezobrador_-gobiernomx","status":"publish","type":"post","link":"https:\/\/elveracruzano.vip\/?p=5974","title":{"rendered":"Gobierno de M\u00e9xico analiza comprar 12 hospitales concesionados a empresas privadas \/ @lopezobrador_ @GobiernoMX >>>"},"content":{"rendered":"\n<p><strong>#GobiernoDeM\u00e9xico.- <\/strong>El Gobierno de M\u00e9xico analiza la compra de 12 hospitales que en sexenios anteriores fueron concesionados bajo el esquema de Asociaci\u00f3n P\u00fablico Privada y de Proyecto de Prestaci\u00f3n de Servicios; actualmente representan un gasto anual de 5 mil 651 millones de pesos, inform\u00f3 el presidente Andr\u00e9s Manuel L\u00f3pez Obrador.<\/p>\n\n\n\n<p>\u201cAhora estamos viendo c\u00f3mo revisamos contratos o de plano adquirimos, compramos 12 hospitales que hicieron empresas y le rentan al gobierno el servicio; el gobierno les paga por el servicio, pero son hospitales hechos por empresas y se les paga anualmente por el servicio y consideramos que esos contratos son perjudiciales para la Hacienda p\u00fablica, es decir, se afecta la econom\u00eda del pueblo\u201d, explic\u00f3.<\/p>\n\n\n\n<p>El mandatario present\u00f3 el caso y el desglose del pago anual de nueve hospitales de los 12 considerados en el proyecto de compra; en su momento se contrat\u00f3 el dise\u00f1o, la construcci\u00f3n, operaci\u00f3n y el mantenimiento.<\/p>\n\n\n\n<p>\u201cSi uno hace las cuentas, resulta que lo que se paga en un a\u00f1o de estos servicios alcanzar\u00eda para hacer en tres a\u00f1os los nueve hospitales. (\u2026) Son muy malos negocios para los mexicanos porque se paga much\u00edsimo\u201d, apunt\u00f3.<\/p>\n\n\n\n<p>En los mostrados en conferencia de prensa matutina, dos pertenecen al Instituto Mexicano del Seguro Social (IMSS); cuatro al Instituto de Seguridad y Servicios Sociales de los Trabajadores del Estado (ISSSTE) y tres a la Secretar\u00eda de Salud.<\/p>\n\n\n\n<p><strong>#ElVeracruzanoVIP &#8211; <\/strong><a href=\"https:\/\/www.facebook.com\/ElVeracruzanoVIP\/\">El Veracruzano VIP<\/a><\/p>\n\n\n\n<p><audio src=\"http:\/\/presidente.gob.mx\/wp-content\/uploads\/2023\/07\/Conferencia-matutina_2023-07-13.mp3\"><\/audio><\/p>\n","protected":false},"excerpt":{"rendered":"<p>#GobiernoDeM\u00e9xico.- El Gobierno de M\u00e9xico analiza la compra de 12 hospitales que en sexenios anteriores fueron concesionados bajo el esquema<\/p>\n","protected":false},"author":4,"featured_media":5975,"comment_status":"open","ping_status":"open","sticky":false,"template":"","format":"standard","meta":{"colormag_page_container_layout":"default_layout","colormag_page_sidebar_layout":"default_layout","rop_custom_images_group":[],"rop_custom_messages_group":[],"rop_publish_now":"initial","rop_publish_now_accounts":{"facebook_109133384920963_108472061465099":""},"rop_publish_now_history":[],"rop_publish_now_status":"pending","footnotes":""},"categories":[13],"tags":[28,17,26,20,29,18,19,97,91,84,98,99,21,23,22],"class_list":["post-5974","post","type-post","status-publish","format-standard","has-post-thumbnail","hentry","category-principales","tag-andres-manuel-lopez-obrado","tag-cuitlahuac-garcia-jimenez","tag-el-veracruzano-vip","tag-enterate","tag-gobierno-de-mexico","tag-gobierno-del-estado-de-veracruz","tag-redes-sociales","tag-secretaria-de-educacion-publica","tag-secretaria-de-educacion-veracruz","tag-secretaria-de-proteccion-civil-del-estado-de-veracruz","tag-secretaria-del-medio-ambiente","tag-secretaria-del-trabajo-y-prevision-social","tag-ultima-hora","tag-ultimas-noticias","tag-ultimo-minuto"],"_links":{"self":[{"href":"https:\/\/elveracruzano.vip\/index.php?rest_route=\/wp\/v2\/posts\/5974","targetHints":{"allow":["GET"]}}],"collection":[{"href":"https:\/\/elveracruzano.vip\/index.php?rest_route=\/wp\/v2\/posts"}],"about":[{"href":"https:\/\/elveracruzano.vip\/index.php?rest_route=\/wp\/v2\/types\/post"}],"author":[{"embeddable":true,"href":"https:\/\/elveracruzano.vip\/index.php?rest_route=\/wp\/v2\/users\/4"}],"replies":[{"embeddable":true,"href":"https:\/\/elveracruzano.vip\/index.php?rest_route=%2Fwp%2Fv2%2Fcomments&post=5974"}],"version-history":[{"count":1,"href":"https:\/\/elveracruzano.vip\/index.php?rest_route=\/wp\/v2\/posts\/5974\/revisions"}],"predecessor-version":[{"id":5976,"href":"https:\/\/elveracruzano.vip\/index.php?rest_route=\/wp\/v2\/posts\/5974\/revisions\/5976"}],"wp:featuredmedia":[{"embeddable":true,"href":"https:\/\/elveracruzano.vip\/index.php?rest_route=\/wp\/v2\/media\/5975"}],"wp:attachment":[{"href":"https:\/\/elveracruzano.vip\/index.php?rest_route=%2Fwp%2Fv2%2Fmedia&parent=5974"}],"wp:term":[{"taxonomy":"category","embeddable":true,"href":"https:\/\/elveracruzano.vip\/index.php?rest_route=%2Fwp%2Fv2%2Fcategories&post=5974"},{"taxonomy":"post_tag","embeddable":true,"href":"https:\/\/elveracruzano.vip\/index.php?rest_route=%2Fwp%2Fv2%2Ftags&post=5974"}],"curies":[{"name":"wp","href":"https:\/\/api.w.org\/{rel}","templated":true}]}}