{"id":5960,"date":"2023-07-11T20:13:34","date_gmt":"2023-07-12T02:13:34","guid":{"rendered":"http:\/\/elveracruzano.vip\/?p=5960"},"modified":"2023-07-11T20:13:35","modified_gmt":"2023-07-12T02:13:35","slug":"estamos-en-un-veracruz-mas-seguro-porque-actuamos-coordinados-gobernador-cuitlahuac-garcia-cuitlahuacgj-gobiernover","status":"publish","type":"post","link":"https:\/\/elveracruzano.vip\/?p=5960","title":{"rendered":"Estamos en un Veracruz m\u00e1s seguro porque actuamos coordinados: gobernador Cuitl\u00e1huac Garc\u00eda \/ @CuitlahuacGJ @GobiernoVer >>>"},"content":{"rendered":"\n<p><strong>#GobiernoDeVeracruz.- <\/strong>Estamos en un Veracruz m\u00e1s seguro, lejos del lugar en que nos dejaron porque implementamos una estrategia coordinada, sin actuar de manera aislada, afirm\u00f3 el gobernador Cuitl\u00e1huac Garc\u00eda Jim\u00e9nez; en el corte anual al mes de junio, la entidad ocupa el puesto 25 de incidencia delictiva general por cada 100 mil habitantes.<\/p>\n\n\n\n<p>En cuanto a v\u00edctimas de homicidio doloso, tambi\u00e9n de acuerdo a poblaci\u00f3n, ocupa la decimonovena posici\u00f3n, y en el acumulado de entidades la decimotercera, con datos del Sistema Nacional de Seguridad P\u00fablica, \u201cinstancia ajena a los gobiernos estatales que eval\u00faa la situaci\u00f3n real\u201d.<\/p>\n\n\n\n<p>La disminuci\u00f3n en secuestros es del 88.26 por ciento entre 2019 y 2022, mientras que la de homicidios es de 50.41 de 2017 a 2022, \u201cy seguimos en el objetivo de no exceder los tres diarios\u201d, dijo, destacando que van 95 detenciones de jefes y subjefes de plaza, sicarios y secuestradores, de 8 mil 253 personas por delitos del fuero federal y 12 mil 639 del fuero com\u00fan.<\/p>\n\n\n\n<p>Enfatiz\u00f3 la reducci\u00f3n de las capacidades de la delincuencia organizada en materia de fuego, movilidad y financiamiento; en este \u00faltimo rubro, el golpe por la droga retirada del mercado representa una suma de mil 083 millones 643 mil 770 pesos, contando desde el inicio de la administraci\u00f3n.<\/p>\n\n\n\n<p>En el lapso fueron aseguradas 2 mil 654 armas cortas y 942 largas, 77 granadas, 3 mil 178 cargadores y m\u00e1s de 216 mil municiones; recuperados 9 mil 225 veh\u00edculos y decomisadas 5 millones 058 mil 558 dosis de marihuana, 133 mil 166 de cristal, 110 mil 205 de coca\u00edna y 23 mil 248 pastillas, adem\u00e1s del cierre de 808 tomas clandestinas y recuperaci\u00f3n de un mill\u00f3n 109 mil 715 litros de hidrocarburo.<\/p>\n\n\n\n<p>A la par, la Secretar\u00eda de Seguridad P\u00fablica ha incrementado su estado de fuerza un 134.7%, pasando de 2 mil 918 elementos de Polic\u00eda Estatal (2018) a 6 mil 848 (2023), de los cuales mil 359 son mujeres y 500 cadetes est\u00e1n en formaci\u00f3n; en el mismo periodo el salario aument\u00f3 40.4% y se ha beneficiado al personal con programas de acceso a vivienda, entre otras prestaciones.<\/p>\n\n\n\n<p><strong>#ElVeracruzanoVIP &#8211; <\/strong><a href=\"https:\/\/www.facebook.com\/ElVeracruzanoVIP\/\">El Veracruzano VIP<\/a><\/p>\n","protected":false},"excerpt":{"rendered":"<p>#GobiernoDeVeracruz.- Estamos en un Veracruz m\u00e1s seguro, lejos del lugar en que nos dejaron porque implementamos una estrategia coordinada, sin<\/p>\n","protected":false},"author":4,"featured_media":5961,"comment_status":"open","ping_status":"open","sticky":false,"template":"","format":"standard","meta":{"colormag_page_container_layout":"default_layout","colormag_page_sidebar_layout":"default_layout","rop_custom_images_group":[],"rop_custom_messages_group":[],"rop_publish_now":"initial","rop_publish_now_accounts":{"facebook_109133384920963_108472061465099":""},"rop_publish_now_history":[],"rop_publish_now_status":"pending","footnotes":""},"categories":[16],"tags":[17,26,20,18,19,97,91,84,98,99,21,23,22],"class_list":["post-5960","post","type-post","status-publish","format-standard","has-post-thumbnail","hentry","category-ultima-hora","tag-cuitlahuac-garcia-jimenez","tag-el-veracruzano-vip","tag-enterate","tag-gobierno-del-estado-de-veracruz","tag-redes-sociales","tag-secretaria-de-educacion-publica","tag-secretaria-de-educacion-veracruz","tag-secretaria-de-proteccion-civil-del-estado-de-veracruz","tag-secretaria-del-medio-ambiente","tag-secretaria-del-trabajo-y-prevision-social","tag-ultima-hora","tag-ultimas-noticias","tag-ultimo-minuto"],"_links":{"self":[{"href":"https:\/\/elveracruzano.vip\/index.php?rest_route=\/wp\/v2\/posts\/5960","targetHints":{"allow":["GET"]}}],"collection":[{"href":"https:\/\/elveracruzano.vip\/index.php?rest_route=\/wp\/v2\/posts"}],"about":[{"href":"https:\/\/elveracruzano.vip\/index.php?rest_route=\/wp\/v2\/types\/post"}],"author":[{"embeddable":true,"href":"https:\/\/elveracruzano.vip\/index.php?rest_route=\/wp\/v2\/users\/4"}],"replies":[{"embeddable":true,"href":"https:\/\/elveracruzano.vip\/index.php?rest_route=%2Fwp%2Fv2%2Fcomments&post=5960"}],"version-history":[{"count":1,"href":"https:\/\/elveracruzano.vip\/index.php?rest_route=\/wp\/v2\/posts\/5960\/revisions"}],"predecessor-version":[{"id":5962,"href":"https:\/\/elveracruzano.vip\/index.php?rest_route=\/wp\/v2\/posts\/5960\/revisions\/5962"}],"wp:featuredmedia":[{"embeddable":true,"href":"https:\/\/elveracruzano.vip\/index.php?rest_route=\/wp\/v2\/media\/5961"}],"wp:attachment":[{"href":"https:\/\/elveracruzano.vip\/index.php?rest_route=%2Fwp%2Fv2%2Fmedia&parent=5960"}],"wp:term":[{"taxonomy":"category","embeddable":true,"href":"https:\/\/elveracruzano.vip\/index.php?rest_route=%2Fwp%2Fv2%2Fcategories&post=5960"},{"taxonomy":"post_tag","embeddable":true,"href":"https:\/\/elveracruzano.vip\/index.php?rest_route=%2Fwp%2Fv2%2Ftags&post=5960"}],"curies":[{"name":"wp","href":"https:\/\/api.w.org\/{rel}","templated":true}]}}