{"id":5957,"date":"2023-07-11T20:10:40","date_gmt":"2023-07-12T02:10:40","guid":{"rendered":"http:\/\/elveracruzano.vip\/?p=5957"},"modified":"2023-07-11T20:10:42","modified_gmt":"2023-07-12T02:10:42","slug":"abate-sedesol-rezago-social-mejorara-viviendas-e-infraestructura-basica-en-98-municipios-cuitlahuacgj-gobiernover","status":"publish","type":"post","link":"https:\/\/elveracruzano.vip\/?p=5957","title":{"rendered":"Abate SEDESOL rezago social, mejorar\u00e1 viviendas e infraestructura b\u00e1sica en 98 municipios \/ @CuitlahuacGJ @GobiernoVer >>>"},"content":{"rendered":"\n<p><strong>#GobiernoDeVeracruz.- <\/strong>En coordinaci\u00f3n con las y los alcaldes, el apoyo de la Federaci\u00f3n y una pol\u00edtica enfocada en atender a la poblaci\u00f3n m\u00e1s necesitada, se est\u00e1n abatiendo indicadores de rezago social, asegur\u00f3 el secretario de Desarrollo Social (SEDESOL), Guillermo Fern\u00e1ndez S\u00e1nchez.<\/p>\n\n\n\n<p>Durante la firma de los convenios de colaboraci\u00f3n con los 26 municipios restantes dentro del programa de&nbsp;<em>Mejoramiento a la Vivienda e Infraestructura Social B\u00e1sica<\/em>&nbsp;en Zonas de Atenci\u00f3n Prioritaria, inform\u00f3 que, en el ejercicio 2023, entregar\u00e1n cuartos dormitorio, piso firme, sanitarios con biodigestor y estufas ecol\u00f3gicas a comunidades de 98 alcald\u00edas; en total ser\u00e1n dispersados 200 millones de pesos.<\/p>\n\n\n\n<p>En ese sentido, el servidor p\u00fablico resalt\u00f3 que, a pesar de la pandemia, el pago de fondos federales y del presupuesto otorgado por el Congreso no ces\u00f3 y ha sido utilizado para mejorar el nivel de vida de veracruzanos de escasos recursos. \u201cEstamos beneficiando entre 5 y 6 mil familias cada a\u00f1o\u201d, dijo.<\/p>\n\n\n\n<p>Por su parte, el subsecretario de Desarrollo Regional, Rolando Ram\u00edrez S\u00e1nchez, apunt\u00f3 que la construcci\u00f3n arrancar\u00e1 este a\u00f1o, una vez concluidos los procesos de licitaci\u00f3n y agreg\u00f3 que, posteriormente, har\u00e1n recorridos de supervisi\u00f3n, es decir, \u201crevisar que los trabajos est\u00e9n bien concluidos y que los materiales sean de calidad\u201d.<\/p>\n\n\n\n<p>Al destacar que el programa est\u00e1 dirigido a familias en hacinamiento o vida precaria, incluyendo a personas con discapacidad y adultos mayores, la directora de Mejoramiento de las Condiciones de Vivienda, Sulekey Citlalli Hern\u00e1ndez Garrido, acentu\u00f3 la importancia de realizar un diagn\u00f3stico social previo en cada municipio para identificar las particularidades de cada caso.<\/p>\n\n\n\n<p>Los municipios que se sumaron a la iniciativa son Acayucan, Actopan, Coahuitl\u00e1n, Coyutla, Emiliano Zapata, Espinal, Filomeno Mata, Huayacocotla, Hueyapan, Ixhuatl\u00e1n del Sureste, Las Vigas, Mecatl\u00e1n, Medell\u00edn, Misantla, Otatitl\u00e1n, Papantla, Sayula de Alem\u00e1n, Soledad de Doblado, Soteapan, Tatahuicapan, Tempoal, Texistepec, Tierra Blanca, Tlachichilco, Tres Valles y Zozocolco.<\/p>\n\n\n\n<p><strong>#ElVeracruzanoVIP &#8211; <\/strong><a href=\"https:\/\/www.facebook.com\/ElVeracruzanoVIP\/\">El Veracruzano VIP<\/a><\/p>\n","protected":false},"excerpt":{"rendered":"<p>#GobiernoDeVeracruz.- En coordinaci\u00f3n con las y los alcaldes, el apoyo de la Federaci\u00f3n y una pol\u00edtica enfocada en atender a<\/p>\n","protected":false},"author":4,"featured_media":5958,"comment_status":"open","ping_status":"open","sticky":false,"template":"","format":"standard","meta":{"colormag_page_container_layout":"default_layout","colormag_page_sidebar_layout":"default_layout","rop_custom_images_group":[],"rop_custom_messages_group":[],"rop_publish_now":"initial","rop_publish_now_accounts":{"facebook_109133384920963_108472061465099":""},"rop_publish_now_history":[],"rop_publish_now_status":"pending","footnotes":""},"categories":[14],"tags":[17,26,20,18,19,97,91,84,98,99,21,23,22],"class_list":["post-5957","post","type-post","status-publish","format-standard","has-post-thumbnail","hentry","category-secretarias","tag-cuitlahuac-garcia-jimenez","tag-el-veracruzano-vip","tag-enterate","tag-gobierno-del-estado-de-veracruz","tag-redes-sociales","tag-secretaria-de-educacion-publica","tag-secretaria-de-educacion-veracruz","tag-secretaria-de-proteccion-civil-del-estado-de-veracruz","tag-secretaria-del-medio-ambiente","tag-secretaria-del-trabajo-y-prevision-social","tag-ultima-hora","tag-ultimas-noticias","tag-ultimo-minuto"],"_links":{"self":[{"href":"https:\/\/elveracruzano.vip\/index.php?rest_route=\/wp\/v2\/posts\/5957","targetHints":{"allow":["GET"]}}],"collection":[{"href":"https:\/\/elveracruzano.vip\/index.php?rest_route=\/wp\/v2\/posts"}],"about":[{"href":"https:\/\/elveracruzano.vip\/index.php?rest_route=\/wp\/v2\/types\/post"}],"author":[{"embeddable":true,"href":"https:\/\/elveracruzano.vip\/index.php?rest_route=\/wp\/v2\/users\/4"}],"replies":[{"embeddable":true,"href":"https:\/\/elveracruzano.vip\/index.php?rest_route=%2Fwp%2Fv2%2Fcomments&post=5957"}],"version-history":[{"count":1,"href":"https:\/\/elveracruzano.vip\/index.php?rest_route=\/wp\/v2\/posts\/5957\/revisions"}],"predecessor-version":[{"id":5959,"href":"https:\/\/elveracruzano.vip\/index.php?rest_route=\/wp\/v2\/posts\/5957\/revisions\/5959"}],"wp:featuredmedia":[{"embeddable":true,"href":"https:\/\/elveracruzano.vip\/index.php?rest_route=\/wp\/v2\/media\/5958"}],"wp:attachment":[{"href":"https:\/\/elveracruzano.vip\/index.php?rest_route=%2Fwp%2Fv2%2Fmedia&parent=5957"}],"wp:term":[{"taxonomy":"category","embeddable":true,"href":"https:\/\/elveracruzano.vip\/index.php?rest_route=%2Fwp%2Fv2%2Fcategories&post=5957"},{"taxonomy":"post_tag","embeddable":true,"href":"https:\/\/elveracruzano.vip\/index.php?rest_route=%2Fwp%2Fv2%2Ftags&post=5957"}],"curies":[{"name":"wp","href":"https:\/\/api.w.org\/{rel}","templated":true}]}}