{"id":5954,"date":"2023-07-11T20:07:43","date_gmt":"2023-07-12T02:07:43","guid":{"rendered":"http:\/\/elveracruzano.vip\/?p=5954"},"modified":"2023-07-11T20:07:45","modified_gmt":"2023-07-12T02:07:45","slug":"en-cordoba-aprueba-cabildo-1-9-mdp-para-festivales-pdtejuanmtnez-aytocordobaver","status":"publish","type":"post","link":"https:\/\/elveracruzano.vip\/?p=5954","title":{"rendered":"En C\u00f3rdoba, aprueba Cabildo 1.9 mdp para festivales \/ @PdteJuanMtnez @AytoCordobaVer >>"},"content":{"rendered":"\n<p><strong>\u00a0#C\u00f3rdoba, #Ver.-<\/strong> Este martes, el Cabildo cordob\u00e9s, presidido por el Presidente, Juan Mart\u00ednez Flores, aprob\u00f3 por mayor\u00eda de votos el presupuesto para el desarrollo de tres Festivales Internacionales que se realizar\u00e1n en agosto y octubre.<\/p>\n\n\n\n<p>Durante la septuag\u00e9sima quinta Sesi\u00f3n Extraordinaria, el Cabildo aprob\u00f3 un mill\u00f3n 930 mil pesos, para el desarrollo de los Festivales Folklore, Jazz y Emilio Carballido, pr\u00f3ximos a realizarse.<\/p>\n\n\n\n<p>Para apoyar las artes esc\u00e9nicas, la cultura, la m\u00fasica, la danza y el talento, as\u00ed como para ofrecer un atractivo a cordobeses y visitantes con eventos de talla internacional, es que el Ayuntamiento realiza esta inversi\u00f3n.<\/p>\n\n\n\n<p>El S\u00e9ptimo Festival Internacional del Folklore ser\u00e1 del 2 al 6 de agosto y se aprob\u00f3 una cantidad de 830 mil pesos; para el Festival Internacional de Jazz se destinar\u00e1n 700 mil pesos, el cual ser\u00e1 del 31 de agosto al 2 de septiembre y para el Festival Internacional Emilio Carballido ser\u00e1n 400 mil pesos, el cual tendr\u00e1 lugar del 5 al 8 de octubre del presente a\u00f1o.<\/p>\n\n\n\n<p>Finalmente, se aprob\u00f3 por mayor\u00eda de votos para que el Presidente Municipal y la S\u00edndica, Vania L\u00f3pez Gonz\u00e1lez, suscriban a nombre del Ayuntamiento el convenio con la Sociedad de Autores y Compositores de M\u00e9xico, con el fin de regular el pago de los derechos de autor por el uso y exploraci\u00f3n de obras musicales, con letra o sin ella, respecto de todos los eventos culturales deportivos y esparcimiento o de cualquier tipo que el Ayuntamiento a trav\u00e9s de sus \u00e1reas realice.<\/p>\n\n\n\n<p><strong>#ElVeracruzanoVIP &#8211; <\/strong><a href=\"https:\/\/www.facebook.com\/ElVeracruzanoVIP\/\">El Veracruzano VIP<\/a><\/p>\n","protected":false},"excerpt":{"rendered":"<p>\u00a0#C\u00f3rdoba, #Ver.- Este martes, el Cabildo cordob\u00e9s, presidido por el Presidente, Juan Mart\u00ednez Flores, aprob\u00f3 por mayor\u00eda de votos el<\/p>\n","protected":false},"author":4,"featured_media":5955,"comment_status":"open","ping_status":"open","sticky":false,"template":"","format":"standard","meta":{"colormag_page_container_layout":"default_layout","colormag_page_sidebar_layout":"default_layout","rop_custom_images_group":[],"rop_custom_messages_group":[],"rop_publish_now":"initial","rop_publish_now_accounts":{"facebook_109133384920963_108472061465099":""},"rop_publish_now_history":[],"rop_publish_now_status":"pending","footnotes":""},"categories":[11],"tags":[36,17,26,20,18,66,19,97,91,84,98,99,21,23,22],"class_list":["post-5954","post","type-post","status-publish","format-standard","has-post-thumbnail","hentry","category-municipios-destacados","tag-cordoba","tag-cuitlahuac-garcia-jimenez","tag-el-veracruzano-vip","tag-enterate","tag-gobierno-del-estado-de-veracruz","tag-juan-martinez-flores","tag-redes-sociales","tag-secretaria-de-educacion-publica","tag-secretaria-de-educacion-veracruz","tag-secretaria-de-proteccion-civil-del-estado-de-veracruz","tag-secretaria-del-medio-ambiente","tag-secretaria-del-trabajo-y-prevision-social","tag-ultima-hora","tag-ultimas-noticias","tag-ultimo-minuto"],"_links":{"self":[{"href":"https:\/\/elveracruzano.vip\/index.php?rest_route=\/wp\/v2\/posts\/5954","targetHints":{"allow":["GET"]}}],"collection":[{"href":"https:\/\/elveracruzano.vip\/index.php?rest_route=\/wp\/v2\/posts"}],"about":[{"href":"https:\/\/elveracruzano.vip\/index.php?rest_route=\/wp\/v2\/types\/post"}],"author":[{"embeddable":true,"href":"https:\/\/elveracruzano.vip\/index.php?rest_route=\/wp\/v2\/users\/4"}],"replies":[{"embeddable":true,"href":"https:\/\/elveracruzano.vip\/index.php?rest_route=%2Fwp%2Fv2%2Fcomments&post=5954"}],"version-history":[{"count":1,"href":"https:\/\/elveracruzano.vip\/index.php?rest_route=\/wp\/v2\/posts\/5954\/revisions"}],"predecessor-version":[{"id":5956,"href":"https:\/\/elveracruzano.vip\/index.php?rest_route=\/wp\/v2\/posts\/5954\/revisions\/5956"}],"wp:featuredmedia":[{"embeddable":true,"href":"https:\/\/elveracruzano.vip\/index.php?rest_route=\/wp\/v2\/media\/5955"}],"wp:attachment":[{"href":"https:\/\/elveracruzano.vip\/index.php?rest_route=%2Fwp%2Fv2%2Fmedia&parent=5954"}],"wp:term":[{"taxonomy":"category","embeddable":true,"href":"https:\/\/elveracruzano.vip\/index.php?rest_route=%2Fwp%2Fv2%2Fcategories&post=5954"},{"taxonomy":"post_tag","embeddable":true,"href":"https:\/\/elveracruzano.vip\/index.php?rest_route=%2Fwp%2Fv2%2Ftags&post=5954"}],"curies":[{"name":"wp","href":"https:\/\/api.w.org\/{rel}","templated":true}]}}