{"id":5935,"date":"2023-07-06T19:40:27","date_gmt":"2023-07-07T01:40:27","guid":{"rendered":"http:\/\/elveracruzano.vip\/?p=5935"},"modified":"2023-07-06T19:40:28","modified_gmt":"2023-07-07T01:40:28","slug":"una-inversion-historica-mas-492-mdp-en-equipamiento-medico-especializado-cuitlahuacgj-gobiernover","status":"publish","type":"post","link":"https:\/\/elveracruzano.vip\/?p=5935","title":{"rendered":"Una inversi\u00f3n hist\u00f3rica m\u00e1s: 492 mdp en equipamiento m\u00e9dico especializado \/ @CuitlahuacGJ @GobiernoVer >>>"},"content":{"rendered":"\n<p><strong>#GobiernoDeVeracruz.- <\/strong>El Gobierno del Estado ha invertido este a\u00f1o 492 millones de pesos en la adquisici\u00f3n de equipamiento m\u00e9dico especializado, entre el que destaca una unidad de imagen por resonancia magn\u00e9tica, con costo de 72 mdp, y tres microscopios oftalmol\u00f3gicos avanzados por 67.2.<\/p>\n\n\n\n<p>El gobernador Cuitl\u00e1huac Garc\u00eda Jim\u00e9nez detall\u00f3 que el primero de dichos dispositivos fue instalado en el Hospital de Alta Especialidad de Veracruz y facilitar\u00e1 la obtenci\u00f3n de datos en tiempo real durante aplicaciones diagn\u00f3sticas, quir\u00fargicas, terap\u00e9uticas e intervencionistas. \u201cLo traigo a colaci\u00f3n porque ha sido un tema recurrente; estamos hablando de m\u00e1s de 90 millones en este espacio, algo in\u00e9dito\u201d.<\/p>\n\n\n\n<p>Uno de los microscopios estar\u00e1 en el mismo centro, mientras que los dos restantes se entregaron al Hospital Regional de Poza Rica y el Centro de Alta Especialidad Dr. Rafael Lucio, de Xalapa, mismos que ser\u00e1n empleados en cirug\u00edas como las de eliminaci\u00f3n de cataratas, junto con herramientas y software de mayor precisi\u00f3n.<\/p>\n\n\n\n<p>Este mismo a\u00f1o destinar\u00e1 el Gobierno 2 mil 919 millones de pesos a la rehabilitaci\u00f3n y equipamiento de diferentes inmuebles dependientes de la Secretar\u00eda de Salud, entre estos la construcci\u00f3n del Hospital de Nautla (14 camas), por 205 mdp, y la terminaci\u00f3n del ubicado en Naranjos (30 camas), que requiere 180 millones.<\/p>\n\n\n\n<p><strong>#ElVeracruzanoVIP &#8211; <\/strong><a href=\"https:\/\/www.facebook.com\/ElVeracruzanoVIP\/\">El Veracruzano VIP<\/a><\/p>\n","protected":false},"excerpt":{"rendered":"<p>#GobiernoDeVeracruz.- El Gobierno del Estado ha invertido este a\u00f1o 492 millones de pesos en la adquisici\u00f3n de equipamiento m\u00e9dico especializado,<\/p>\n","protected":false},"author":4,"featured_media":5936,"comment_status":"open","ping_status":"open","sticky":false,"template":"","format":"standard","meta":{"colormag_page_container_layout":"default_layout","colormag_page_sidebar_layout":"default_layout","rop_custom_images_group":[],"rop_custom_messages_group":[],"rop_publish_now":"initial","rop_publish_now_accounts":{"facebook_109133384920963_108472061465099":""},"rop_publish_now_history":[],"rop_publish_now_status":"pending","footnotes":""},"categories":[16],"tags":[17,26,20,18,19,100,91,84,98,99,21,23,22],"class_list":["post-5935","post","type-post","status-publish","format-standard","has-post-thumbnail","hentry","category-ultima-hora","tag-cuitlahuac-garcia-jimenez","tag-el-veracruzano-vip","tag-enterate","tag-gobierno-del-estado-de-veracruz","tag-redes-sociales","tag-secretaria-de-economia","tag-secretaria-de-educacion-veracruz","tag-secretaria-de-proteccion-civil-del-estado-de-veracruz","tag-secretaria-del-medio-ambiente","tag-secretaria-del-trabajo-y-prevision-social","tag-ultima-hora","tag-ultimas-noticias","tag-ultimo-minuto"],"_links":{"self":[{"href":"https:\/\/elveracruzano.vip\/index.php?rest_route=\/wp\/v2\/posts\/5935","targetHints":{"allow":["GET"]}}],"collection":[{"href":"https:\/\/elveracruzano.vip\/index.php?rest_route=\/wp\/v2\/posts"}],"about":[{"href":"https:\/\/elveracruzano.vip\/index.php?rest_route=\/wp\/v2\/types\/post"}],"author":[{"embeddable":true,"href":"https:\/\/elveracruzano.vip\/index.php?rest_route=\/wp\/v2\/users\/4"}],"replies":[{"embeddable":true,"href":"https:\/\/elveracruzano.vip\/index.php?rest_route=%2Fwp%2Fv2%2Fcomments&post=5935"}],"version-history":[{"count":1,"href":"https:\/\/elveracruzano.vip\/index.php?rest_route=\/wp\/v2\/posts\/5935\/revisions"}],"predecessor-version":[{"id":5937,"href":"https:\/\/elveracruzano.vip\/index.php?rest_route=\/wp\/v2\/posts\/5935\/revisions\/5937"}],"wp:featuredmedia":[{"embeddable":true,"href":"https:\/\/elveracruzano.vip\/index.php?rest_route=\/wp\/v2\/media\/5936"}],"wp:attachment":[{"href":"https:\/\/elveracruzano.vip\/index.php?rest_route=%2Fwp%2Fv2%2Fmedia&parent=5935"}],"wp:term":[{"taxonomy":"category","embeddable":true,"href":"https:\/\/elveracruzano.vip\/index.php?rest_route=%2Fwp%2Fv2%2Fcategories&post=5935"},{"taxonomy":"post_tag","embeddable":true,"href":"https:\/\/elveracruzano.vip\/index.php?rest_route=%2Fwp%2Fv2%2Ftags&post=5935"}],"curies":[{"name":"wp","href":"https:\/\/api.w.org\/{rel}","templated":true}]}}