{"id":5932,"date":"2023-07-06T19:38:04","date_gmt":"2023-07-07T01:38:04","guid":{"rendered":"http:\/\/elveracruzano.vip\/?p=5932"},"modified":"2023-07-06T19:38:06","modified_gmt":"2023-07-07T01:38:06","slug":"avala-onu-mexico-avances-de-veracruz-en-igualdad-derechos-humanos-y-desarrollo-sostenible-cuitlahuacgj-gobiernover","status":"publish","type":"post","link":"https:\/\/elveracruzano.vip\/?p=5932","title":{"rendered":"Avala ONU M\u00e9xico avances de Veracruz en igualdad, derechos humanos y desarrollo sostenible \/ @CuitlahuacGJ @GobiernoVer >>>"},"content":{"rendered":"\n<p><strong>#GobiernoDeVeracruz.- <\/strong>El Consejo Veracruzano de la Agenda 2030 para el Desarrollo Sostenible dio a conocer el cierre del Programa de Actividades 2021-2022, que mide los alcances de las acciones enmarcadas en educaci\u00f3n, desarrollo econ\u00f3mico y sostenibilidad, temas prioritarios de la administraci\u00f3n desde un enfoque de derechos humanos.<\/p>\n\n\n\n<p>Durante el citado periodo, el aumento de becas coadyuv\u00f3 a la permanencia del alumnado en el sistema; a la fecha, la entidad ha rebasado por casi 5 por ciento la meta sexenal, adem\u00e1s de la inversi\u00f3n hist\u00f3rica en infraestructura para dignificar los espacios de aprendizaje.<\/p>\n\n\n\n<p>El Gobierno ha impulsado la democratizaci\u00f3n de la econom\u00eda con la entrega de proyectos productivos; mientras la actividad tur\u00edstica registr\u00f3 m\u00e1s poblaci\u00f3n activa y mayor derrama econ\u00f3mica, y los indicadores laborales mostraron una franca recuperaci\u00f3n post-pandemia, gracias a la vinculaci\u00f3n entre empleadores y buscadores de trabajo.<\/p>\n\n\n\n<p>Previo a la gesti\u00f3n del gobernador Cuitl\u00e1huac Garc\u00eda Jim\u00e9nez no exist\u00edan datos de inversi\u00f3n para el cuidado y remediaci\u00f3n ambiental; por primera vez \u2013desde 2013\u2013 se logr\u00f3 detener y revertir la p\u00e9rdida forestal en el estado.<\/p>\n\n\n\n<p>\u201cTenemos clara la tarea de transformar, cerrar brechas de desigualdad y generar acciones y pol\u00edticas sin dejar a nadie atr\u00e1s; dar testimonio de ello permitir\u00e1 que Veracruz siga avanzando por el lado correcto\u201d, afirm\u00f3 la jefa de la Oficina de Programa de Gobierno (PROGOB), Waltraud Mart\u00ednez Olvera.<\/p>\n\n\n\n<p><strong>#ElVeracruzanoVIP &#8211; <\/strong><a href=\"https:\/\/www.facebook.com\/ElVeracruzanoVIP\/\">El Veracruzano VIP<\/a><\/p>\n","protected":false},"excerpt":{"rendered":"<p>#GobiernoDeVeracruz.- El Consejo Veracruzano de la Agenda 2030 para el Desarrollo Sostenible dio a conocer el cierre del Programa de<\/p>\n","protected":false},"author":4,"featured_media":5933,"comment_status":"open","ping_status":"open","sticky":false,"template":"","format":"standard","meta":{"colormag_page_container_layout":"default_layout","colormag_page_sidebar_layout":"default_layout","rop_custom_images_group":[],"rop_custom_messages_group":[],"rop_publish_now":"initial","rop_publish_now_accounts":{"facebook_109133384920963_108472061465099":""},"rop_publish_now_history":[],"rop_publish_now_status":"pending","footnotes":""},"categories":[14],"tags":[17,26,20,18,19,97,91,84,98,99,21,23,22],"class_list":["post-5932","post","type-post","status-publish","format-standard","has-post-thumbnail","hentry","category-secretarias","tag-cuitlahuac-garcia-jimenez","tag-el-veracruzano-vip","tag-enterate","tag-gobierno-del-estado-de-veracruz","tag-redes-sociales","tag-secretaria-de-educacion-publica","tag-secretaria-de-educacion-veracruz","tag-secretaria-de-proteccion-civil-del-estado-de-veracruz","tag-secretaria-del-medio-ambiente","tag-secretaria-del-trabajo-y-prevision-social","tag-ultima-hora","tag-ultimas-noticias","tag-ultimo-minuto"],"_links":{"self":[{"href":"https:\/\/elveracruzano.vip\/index.php?rest_route=\/wp\/v2\/posts\/5932","targetHints":{"allow":["GET"]}}],"collection":[{"href":"https:\/\/elveracruzano.vip\/index.php?rest_route=\/wp\/v2\/posts"}],"about":[{"href":"https:\/\/elveracruzano.vip\/index.php?rest_route=\/wp\/v2\/types\/post"}],"author":[{"embeddable":true,"href":"https:\/\/elveracruzano.vip\/index.php?rest_route=\/wp\/v2\/users\/4"}],"replies":[{"embeddable":true,"href":"https:\/\/elveracruzano.vip\/index.php?rest_route=%2Fwp%2Fv2%2Fcomments&post=5932"}],"version-history":[{"count":1,"href":"https:\/\/elveracruzano.vip\/index.php?rest_route=\/wp\/v2\/posts\/5932\/revisions"}],"predecessor-version":[{"id":5934,"href":"https:\/\/elveracruzano.vip\/index.php?rest_route=\/wp\/v2\/posts\/5932\/revisions\/5934"}],"wp:featuredmedia":[{"embeddable":true,"href":"https:\/\/elveracruzano.vip\/index.php?rest_route=\/wp\/v2\/media\/5933"}],"wp:attachment":[{"href":"https:\/\/elveracruzano.vip\/index.php?rest_route=%2Fwp%2Fv2%2Fmedia&parent=5932"}],"wp:term":[{"taxonomy":"category","embeddable":true,"href":"https:\/\/elveracruzano.vip\/index.php?rest_route=%2Fwp%2Fv2%2Fcategories&post=5932"},{"taxonomy":"post_tag","embeddable":true,"href":"https:\/\/elveracruzano.vip\/index.php?rest_route=%2Fwp%2Fv2%2Ftags&post=5932"}],"curies":[{"name":"wp","href":"https:\/\/api.w.org\/{rel}","templated":true}]}}