{"id":5911,"date":"2023-07-04T17:46:16","date_gmt":"2023-07-04T23:46:16","guid":{"rendered":"http:\/\/elveracruzano.vip\/?p=5911"},"modified":"2023-07-04T17:46:18","modified_gmt":"2023-07-04T23:46:18","slug":"realizan-el-tercer-gran-desfile-de-carnaval-de-veracruz-patyyunes-ayuntamientover","status":"publish","type":"post","link":"https:\/\/elveracruzano.vip\/?p=5911","title":{"rendered":"Realizan el Tercer Gran Desfile de Carnaval de Veracruz \/ @PatyYunes @AyuntamientoVer"},"content":{"rendered":"\n<p><strong>#Veracruz, #Ver.- <\/strong>Se llev\u00f3 a cabo el Tercer Gran Desfile de Carnaval de Veracruz, al cual asisti\u00f3 la alcaldesa Paty Lobeira de Yunes.<\/p>\n\n\n\n<p>\u00abCon gran energ\u00eda vimos a nuestra ciudad vibrar con tanta alegr\u00eda y color. Agradezco a todos los asistentes por hacer de este evento un \u00e9xito rotundo\u00bb coment\u00f3 la Alcaldesa.<\/p>\n\n\n\n<figure class=\"wp-block-image aligncenter size-medium is-resized\"><img loading=\"lazy\" decoding=\"async\" src=\"http:\/\/elveracruzano.vip\/wp-content\/uploads\/2023\/07\/image-300x200.png\" alt=\"\" class=\"wp-image-5912\" width=\"456\" height=\"304\" srcset=\"https:\/\/elveracruzano.vip\/wp-content\/uploads\/2023\/07\/image-300x200.png 300w, https:\/\/elveracruzano.vip\/wp-content\/uploads\/2023\/07\/image-1024x683.png 1024w, https:\/\/elveracruzano.vip\/wp-content\/uploads\/2023\/07\/image-768x512.png 768w, https:\/\/elveracruzano.vip\/wp-content\/uploads\/2023\/07\/image-1536x1024.png 1536w, https:\/\/elveracruzano.vip\/wp-content\/uploads\/2023\/07\/image-600x400.png 600w, https:\/\/elveracruzano.vip\/wp-content\/uploads\/2023\/07\/image.png 1620w\" sizes=\"auto, (max-width: 456px) 100vw, 456px\" \/><\/figure>\n\n\n\n<p><strong>#ElVeracruzanoVIP &#8211; <\/strong><a href=\"https:\/\/www.facebook.com\/ElVeracruzanoVIP\/\">El Veracruzano VIP<\/a><\/p>\n","protected":false},"excerpt":{"rendered":"<p>#Veracruz, #Ver.- Se llev\u00f3 a cabo el Tercer Gran Desfile de Carnaval de Veracruz, al cual asisti\u00f3 la alcaldesa Paty<\/p>\n","protected":false},"author":4,"featured_media":5913,"comment_status":"open","ping_status":"open","sticky":false,"template":"","format":"standard","meta":{"colormag_page_container_layout":"default_layout","colormag_page_sidebar_layout":"default_layout","rop_custom_images_group":[],"rop_custom_messages_group":[],"rop_publish_now":"initial","rop_publish_now_accounts":{"facebook_109133384920963_108472061465099":""},"rop_publish_now_history":[],"rop_publish_now_status":"pending","footnotes":""},"categories":[8],"tags":[17,26,20,18,58,19,97,91,84,98,99,21,23,22,90],"class_list":["post-5911","post","type-post","status-publish","format-standard","has-post-thumbnail","hentry","category-alcaldesas","tag-cuitlahuac-garcia-jimenez","tag-el-veracruzano-vip","tag-enterate","tag-gobierno-del-estado-de-veracruz","tag-paty-lobeira-de-yunes","tag-redes-sociales","tag-secretaria-de-educacion-publica","tag-secretaria-de-educacion-veracruz","tag-secretaria-de-proteccion-civil-del-estado-de-veracruz","tag-secretaria-del-medio-ambiente","tag-secretaria-del-trabajo-y-prevision-social","tag-ultima-hora","tag-ultimas-noticias","tag-ultimo-minuto","tag-veracruz-ciudad-y-puerto"],"_links":{"self":[{"href":"https:\/\/elveracruzano.vip\/index.php?rest_route=\/wp\/v2\/posts\/5911","targetHints":{"allow":["GET"]}}],"collection":[{"href":"https:\/\/elveracruzano.vip\/index.php?rest_route=\/wp\/v2\/posts"}],"about":[{"href":"https:\/\/elveracruzano.vip\/index.php?rest_route=\/wp\/v2\/types\/post"}],"author":[{"embeddable":true,"href":"https:\/\/elveracruzano.vip\/index.php?rest_route=\/wp\/v2\/users\/4"}],"replies":[{"embeddable":true,"href":"https:\/\/elveracruzano.vip\/index.php?rest_route=%2Fwp%2Fv2%2Fcomments&post=5911"}],"version-history":[{"count":1,"href":"https:\/\/elveracruzano.vip\/index.php?rest_route=\/wp\/v2\/posts\/5911\/revisions"}],"predecessor-version":[{"id":5914,"href":"https:\/\/elveracruzano.vip\/index.php?rest_route=\/wp\/v2\/posts\/5911\/revisions\/5914"}],"wp:featuredmedia":[{"embeddable":true,"href":"https:\/\/elveracruzano.vip\/index.php?rest_route=\/wp\/v2\/media\/5913"}],"wp:attachment":[{"href":"https:\/\/elveracruzano.vip\/index.php?rest_route=%2Fwp%2Fv2%2Fmedia&parent=5911"}],"wp:term":[{"taxonomy":"category","embeddable":true,"href":"https:\/\/elveracruzano.vip\/index.php?rest_route=%2Fwp%2Fv2%2Fcategories&post=5911"},{"taxonomy":"post_tag","embeddable":true,"href":"https:\/\/elveracruzano.vip\/index.php?rest_route=%2Fwp%2Fv2%2Ftags&post=5911"}],"curies":[{"name":"wp","href":"https:\/\/api.w.org\/{rel}","templated":true}]}}