{"id":5908,"date":"2023-07-04T17:35:35","date_gmt":"2023-07-04T23:35:35","guid":{"rendered":"http:\/\/elveracruzano.vip\/?p=5908"},"modified":"2023-07-04T17:35:36","modified_gmt":"2023-07-04T23:35:36","slug":"avanzan-pescadores-de-coatzacoalcos-con-proyectos-acuicolas-cruzmalpica-coatzagob","status":"publish","type":"post","link":"https:\/\/elveracruzano.vip\/?p=5908","title":{"rendered":"Avanzan pescadores de Coatzacoalcos con proyectos acu\u00edcolas \/ @CruzMalpica @coatzagob >>>"},"content":{"rendered":"\n<p><strong>#Coatzacoalcos, #Ver.- <\/strong>Como parte del compromiso del Gobierno que preside Amado Cruz Malpica, de reforzar la seguridad alimentaria en \u00e1reas periurbanas de Coatzacoalcos, se revisan los avances de unidades pesqueras que fueron beneficiadas por la Secretar\u00eda de Desarrollo Agropecuario, Rural y Pesca de Veracruz con proyectos productivos acu\u00edcolas.<\/p>\n\n\n\n<p>El director de Desarrollo Agropecuario, Rutilio de Dios Ramos, manifest\u00f3 que, en diciembre del a\u00f1o pasado, 28 productores locales fueron favorecidos con la \u201cEntrega de Apoyos para el Desarrollo de la Acuacultura Sustentable Veracruzana\u201d, de los cuales, algunos ya tienen resultados, como don Sa\u00fal, de Villa Allende, con 700 kilos de mojarra para venta en agosto.<\/p>\n\n\n\n<p><strong>#ElVeracruzanoVIP &#8211; <\/strong><a href=\"https:\/\/www.facebook.com\/ElVeracruzanoVIP\/\">El Veracruzano VIP<\/a><\/p>\n","protected":false},"excerpt":{"rendered":"<p>#Coatzacoalcos, #Ver.- Como parte del compromiso del Gobierno que preside Amado Cruz Malpica, de reforzar la seguridad alimentaria en \u00e1reas<\/p>\n","protected":false},"author":4,"featured_media":5909,"comment_status":"open","ping_status":"open","sticky":false,"template":"","format":"standard","meta":{"colormag_page_container_layout":"default_layout","colormag_page_sidebar_layout":"default_layout","rop_custom_images_group":[],"rop_custom_messages_group":[],"rop_publish_now":"initial","rop_publish_now_accounts":{"facebook_109133384920963_108472061465099":""},"rop_publish_now_history":[],"rop_publish_now_status":"pending","footnotes":""},"categories":[10],"tags":[78,37,17,26,20,18,19,97,91,84,98,99,21,23,22],"class_list":["post-5908","post","type-post","status-publish","format-standard","has-post-thumbnail","hentry","category-municipios","tag-amado-cruz-malpica","tag-coatzacoalcos","tag-cuitlahuac-garcia-jimenez","tag-el-veracruzano-vip","tag-enterate","tag-gobierno-del-estado-de-veracruz","tag-redes-sociales","tag-secretaria-de-educacion-publica","tag-secretaria-de-educacion-veracruz","tag-secretaria-de-proteccion-civil-del-estado-de-veracruz","tag-secretaria-del-medio-ambiente","tag-secretaria-del-trabajo-y-prevision-social","tag-ultima-hora","tag-ultimas-noticias","tag-ultimo-minuto"],"_links":{"self":[{"href":"https:\/\/elveracruzano.vip\/index.php?rest_route=\/wp\/v2\/posts\/5908","targetHints":{"allow":["GET"]}}],"collection":[{"href":"https:\/\/elveracruzano.vip\/index.php?rest_route=\/wp\/v2\/posts"}],"about":[{"href":"https:\/\/elveracruzano.vip\/index.php?rest_route=\/wp\/v2\/types\/post"}],"author":[{"embeddable":true,"href":"https:\/\/elveracruzano.vip\/index.php?rest_route=\/wp\/v2\/users\/4"}],"replies":[{"embeddable":true,"href":"https:\/\/elveracruzano.vip\/index.php?rest_route=%2Fwp%2Fv2%2Fcomments&post=5908"}],"version-history":[{"count":1,"href":"https:\/\/elveracruzano.vip\/index.php?rest_route=\/wp\/v2\/posts\/5908\/revisions"}],"predecessor-version":[{"id":5910,"href":"https:\/\/elveracruzano.vip\/index.php?rest_route=\/wp\/v2\/posts\/5908\/revisions\/5910"}],"wp:featuredmedia":[{"embeddable":true,"href":"https:\/\/elveracruzano.vip\/index.php?rest_route=\/wp\/v2\/media\/5909"}],"wp:attachment":[{"href":"https:\/\/elveracruzano.vip\/index.php?rest_route=%2Fwp%2Fv2%2Fmedia&parent=5908"}],"wp:term":[{"taxonomy":"category","embeddable":true,"href":"https:\/\/elveracruzano.vip\/index.php?rest_route=%2Fwp%2Fv2%2Fcategories&post=5908"},{"taxonomy":"post_tag","embeddable":true,"href":"https:\/\/elveracruzano.vip\/index.php?rest_route=%2Fwp%2Fv2%2Ftags&post=5908"}],"curies":[{"name":"wp","href":"https:\/\/api.w.org\/{rel}","templated":true}]}}