{"id":5885,"date":"2023-06-29T16:57:12","date_gmt":"2023-06-29T22:57:12","guid":{"rendered":"http:\/\/elveracruzano.vip\/?p=5885"},"modified":"2023-06-29T16:57:14","modified_gmt":"2023-06-29T22:57:14","slug":"gracias-a-sus-pueblos-magicos-8-mas-actividad-turistica-en-veracruz-cuitlahuacgj-gobiernover","status":"publish","type":"post","link":"https:\/\/elveracruzano.vip\/?p=5885","title":{"rendered":"Gracias a sus Pueblos M\u00e1gicos, 8% m\u00e1s actividad tur\u00edstica en Veracruz \/ @CuitlahuacGJ @GobiernoVer >>>"},"content":{"rendered":"\n<p class=\"wp-block-paragraph\"><strong>#GobiernoDeVeracruz.- <\/strong>Dado que la denominaci\u00f3n de Pueblos M\u00e1gicos asegura un incremento anual del 8 por ciento en la actividad tur\u00edstica y la derrama econ\u00f3mica de la entidad, el gobernador Cuitl\u00e1huac Garc\u00eda Jim\u00e9nez celebr\u00f3 la reciente integraci\u00f3n de C\u00f3rdoba y Naolinco en el programa de la Secretar\u00eda de Turismo federal.<\/p>\n\n\n\n<p class=\"wp-block-paragraph\">En conferencia de prensa, agradeci\u00f3 el apoyo del titular de la dependencia, Miguel Torruco Marqu\u00e9s, y la coordinaci\u00f3n con el secretario de Turismo y Cultura estatal, Iv\u00e1n Francisco Mart\u00ednez Olvera, al informar que est\u00e1 en tr\u00e1mite una reuni\u00f3n con las autoridades de los ocho destinos a fin de preparar un evento especial.<\/p>\n\n\n\n<p class=\"wp-block-paragraph\">Orgulloso por la distinci\u00f3n, el alcalde de C\u00f3rdoba, Juan Mart\u00ednez Flores, record\u00f3 que en esta ciudad naci\u00f3 el M\u00e9xico independiente tras la firma de los Tratados entre Agust\u00edn de Iturbide y Juan O\u2019Donoj\u00fa, fecha a conmemorar el pr\u00f3ximo 24 de agosto y que representa una gran oportunidad para conocer las fincas y museos dedicados al caf\u00e9.<\/p>\n\n\n\n<p class=\"wp-block-paragraph\">Por supuesto, la ruta incluye la Catedral de la Inmaculada Concepci\u00f3n, el Portal de Zevallos y el de la Gloria, el Obelisco, el Museo de la Ciudad y la Exhacienda San Francisco Toxpan, que fue uno de los primeros ingenios azucareros del pa\u00eds y hoy alberga el Museo Nacional de la Ca\u00f1a.<\/p>\n\n\n\n<p class=\"wp-block-paragraph\">A su vez, el presidente municipal de Naolinco, Luis Manuel Montero Hern\u00e1ndez, asegur\u00f3 el refuerzo de los trabajos por promover los encantos de su tierra mediante la gastronom\u00eda, las artesan\u00edas a base de pieles, el calzado y los callejones empedrados, pero sobre todo las tradiciones como la Danza de Moros y Cristianos y La Cantada, \u00fanica en el pa\u00eds que festeja la memoria de los fieles difuntos.<\/p>\n\n\n\n<p class=\"wp-block-paragraph\">Destac\u00f3 la capacitaci\u00f3n que los diferentes \u00f3rdenes de gobierno han ofrecido al sector de servicios, principalmente restauranteros y gu\u00edas de turistas, agradeciendo la disposici\u00f3n de la iniciativa privada, la sociedad civil y las secretar\u00edas de Turismo.<\/p>\n\n\n\n<p class=\"wp-block-paragraph\"><strong>#ElVeracruzanoVIP &#8211; <\/strong><a href=\"https:\/\/www.facebook.com\/ElVeracruzanoVIP\/\">El Veracruzano VIP<\/a><\/p>\n","protected":false},"excerpt":{"rendered":"<p>#GobiernoDeVeracruz.- Dado que la denominaci\u00f3n de Pueblos M\u00e1gicos asegura un incremento anual del 8 por ciento en la actividad tur\u00edstica<\/p>\n","protected":false},"author":4,"featured_media":5886,"comment_status":"open","ping_status":"open","sticky":false,"template":"","format":"standard","meta":{"colormag_page_container_layout":"default_layout","colormag_page_sidebar_layout":"default_layout","rop_custom_images_group":[],"rop_custom_messages_group":[],"rop_publish_now":"initial","rop_publish_now_accounts":{"facebook_109133384920963_108472061465099":""},"rop_publish_now_history":[],"rop_publish_now_status":"pending","footnotes":""},"categories":[16],"tags":[17,26,20,18,19,91,84,98,99,21,23,22],"class_list":["post-5885","post","type-post","status-publish","format-standard","has-post-thumbnail","hentry","category-ultima-hora","tag-cuitlahuac-garcia-jimenez","tag-el-veracruzano-vip","tag-enterate","tag-gobierno-del-estado-de-veracruz","tag-redes-sociales","tag-secretaria-de-educacion-veracruz","tag-secretaria-de-proteccion-civil-del-estado-de-veracruz","tag-secretaria-del-medio-ambiente","tag-secretaria-del-trabajo-y-prevision-social","tag-ultima-hora","tag-ultimas-noticias","tag-ultimo-minuto"],"_links":{"self":[{"href":"https:\/\/elveracruzano.vip\/index.php?rest_route=\/wp\/v2\/posts\/5885","targetHints":{"allow":["GET"]}}],"collection":[{"href":"https:\/\/elveracruzano.vip\/index.php?rest_route=\/wp\/v2\/posts"}],"about":[{"href":"https:\/\/elveracruzano.vip\/index.php?rest_route=\/wp\/v2\/types\/post"}],"author":[{"embeddable":true,"href":"https:\/\/elveracruzano.vip\/index.php?rest_route=\/wp\/v2\/users\/4"}],"replies":[{"embeddable":true,"href":"https:\/\/elveracruzano.vip\/index.php?rest_route=%2Fwp%2Fv2%2Fcomments&post=5885"}],"version-history":[{"count":1,"href":"https:\/\/elveracruzano.vip\/index.php?rest_route=\/wp\/v2\/posts\/5885\/revisions"}],"predecessor-version":[{"id":5887,"href":"https:\/\/elveracruzano.vip\/index.php?rest_route=\/wp\/v2\/posts\/5885\/revisions\/5887"}],"wp:featuredmedia":[{"embeddable":true,"href":"https:\/\/elveracruzano.vip\/index.php?rest_route=\/wp\/v2\/media\/5886"}],"wp:attachment":[{"href":"https:\/\/elveracruzano.vip\/index.php?rest_route=%2Fwp%2Fv2%2Fmedia&parent=5885"}],"wp:term":[{"taxonomy":"category","embeddable":true,"href":"https:\/\/elveracruzano.vip\/index.php?rest_route=%2Fwp%2Fv2%2Fcategories&post=5885"},{"taxonomy":"post_tag","embeddable":true,"href":"https:\/\/elveracruzano.vip\/index.php?rest_route=%2Fwp%2Fv2%2Ftags&post=5885"}],"curies":[{"name":"wp","href":"https:\/\/api.w.org\/{rel}","templated":true}]}}