{"id":5862,"date":"2023-06-27T18:30:17","date_gmt":"2023-06-28T00:30:17","guid":{"rendered":"http:\/\/elveracruzano.vip\/?p=5862"},"modified":"2023-06-27T18:30:19","modified_gmt":"2023-06-28T00:30:19","slug":"inauguro-alcaldesa-de-tijuana-en-baja-california-pavimentacion-en-colonia-agraristas-montserrat4t-gobtijuanamx","status":"publish","type":"post","link":"https:\/\/elveracruzano.vip\/?p=5862","title":{"rendered":"Inaugur\u00f3 alcaldesa de Tijuana, en Baja California, pavimentaci\u00f3n en colonia agraristas \/ @Montserrat4T @gobtijuanamx >>>"},"content":{"rendered":"\n<p><strong>#Tijuana, #B.C.-<\/strong>&nbsp;La alcaldesa de Tijuana, Montserrat Caballero Ram\u00edrez, cumpli\u00f3 con la comunidad de la colonia Agraristas y este lunes encabez\u00f3 la inauguraci\u00f3n de la calle L\u00e1zaro C\u00e1rdenas, pavimentada con concreto hidr\u00e1ulico, a trav\u00e9s de recurso federal del Ramo 33.<\/p>\n\n\n\n<p>En el acto protocolario, la titular del XXIV Ayuntamiento de Tijuana destac\u00f3 el rol que desempe\u00f1\u00f3 la ciudadan\u00eda para que se concretara esta obra tan necesaria para sus colonos y asegur\u00f3 que este gobierno los entiende, ya que sus integrantes tambi\u00e9n pertenecen a la clase trabajadora y \u00absabemos perfectamente lo que significa una calle pavimentada, progreso\u00bb.<\/p>\n\n\n\n<p>\u00abUna vez que la calle se pavimenta, empezamos a sentir que vali\u00f3 la pena, que el progreso lleg\u00f3 a esta colonia y el progreso viene emparejado a otras obras, como el cambio a luces LED; las luminarias son una apuesta a la nueva tecnolog\u00eda para cambiarlas todas paulatinamente y aqu\u00ed ya llevamos el 90 por ciento de luces LED cambiadas\u00bb, expres\u00f3 Caballero Ram\u00edrez.<\/p>\n\n\n\n<p>La obra de pavimentaci\u00f3n, ubicada entre calle Andr\u00f3meda y Rodolfo S\u00e1nchez Taboada, en la delegaci\u00f3n Cerro Colorado, representa una inversi\u00f3n de 1 mill\u00f3n 997 mil 500 pesos con recurso federal del Ramo 33 y un impacto en al menos 2 mil 500 personas beneficiadas.<\/p>\n\n\n\n<p>En total, se pavimentaron mil 537 metros cuadrados con concreto hidr\u00e1ulico por parte de la Secretar\u00eda de Desarrollo Territorial, Urbano y Ambiental (SDTUA) y aunque la obra estaba contemplada para concluirse el pr\u00f3ximo 3 de julio, el Ayuntamiento avanz\u00f3 en los trabajos para entregarla una semana antes de la fecha programada, para beneficio de la ciudadan\u00eda.<\/p>\n\n\n\n<p><strong>#ElVeracruzanoVIP &#8211; <\/strong><a href=\"https:\/\/www.facebook.com\/ElVeracruzanoVIP\/\">El Veracruzano VIP<\/a><\/p>\n","protected":false},"excerpt":{"rendered":"<p>#Tijuana, #B.C.-&nbsp;La alcaldesa de Tijuana, Montserrat Caballero Ram\u00edrez, cumpli\u00f3 con la comunidad de la colonia Agraristas y este lunes encabez\u00f3<\/p>\n","protected":false},"author":4,"featured_media":5863,"comment_status":"open","ping_status":"open","sticky":false,"template":"","format":"standard","meta":{"colormag_page_container_layout":"default_layout","colormag_page_sidebar_layout":"default_layout","rop_custom_images_group":[],"rop_custom_messages_group":[],"rop_publish_now":"initial","rop_publish_now_accounts":{"facebook_109133384920963_108472061465099":""},"rop_publish_now_history":[],"rop_publish_now_status":"pending","footnotes":""},"categories":[12],"tags":[68,17,26,20,18,95,19,97,91,84,98,99,21,23,22],"class_list":["post-5862","post","type-post","status-publish","format-standard","has-post-thumbnail","hentry","category-municipios-en-mexico","tag-ayuntamiento-de-tijuana","tag-cuitlahuac-garcia-jimenez","tag-el-veracruzano-vip","tag-enterate","tag-gobierno-del-estado-de-veracruz","tag-montserrat-caballero-ramirez","tag-redes-sociales","tag-secretaria-de-educacion-publica","tag-secretaria-de-educacion-veracruz","tag-secretaria-de-proteccion-civil-del-estado-de-veracruz","tag-secretaria-del-medio-ambiente","tag-secretaria-del-trabajo-y-prevision-social","tag-ultima-hora","tag-ultimas-noticias","tag-ultimo-minuto"],"_links":{"self":[{"href":"https:\/\/elveracruzano.vip\/index.php?rest_route=\/wp\/v2\/posts\/5862","targetHints":{"allow":["GET"]}}],"collection":[{"href":"https:\/\/elveracruzano.vip\/index.php?rest_route=\/wp\/v2\/posts"}],"about":[{"href":"https:\/\/elveracruzano.vip\/index.php?rest_route=\/wp\/v2\/types\/post"}],"author":[{"embeddable":true,"href":"https:\/\/elveracruzano.vip\/index.php?rest_route=\/wp\/v2\/users\/4"}],"replies":[{"embeddable":true,"href":"https:\/\/elveracruzano.vip\/index.php?rest_route=%2Fwp%2Fv2%2Fcomments&post=5862"}],"version-history":[{"count":1,"href":"https:\/\/elveracruzano.vip\/index.php?rest_route=\/wp\/v2\/posts\/5862\/revisions"}],"predecessor-version":[{"id":5864,"href":"https:\/\/elveracruzano.vip\/index.php?rest_route=\/wp\/v2\/posts\/5862\/revisions\/5864"}],"wp:featuredmedia":[{"embeddable":true,"href":"https:\/\/elveracruzano.vip\/index.php?rest_route=\/wp\/v2\/media\/5863"}],"wp:attachment":[{"href":"https:\/\/elveracruzano.vip\/index.php?rest_route=%2Fwp%2Fv2%2Fmedia&parent=5862"}],"wp:term":[{"taxonomy":"category","embeddable":true,"href":"https:\/\/elveracruzano.vip\/index.php?rest_route=%2Fwp%2Fv2%2Fcategories&post=5862"},{"taxonomy":"post_tag","embeddable":true,"href":"https:\/\/elveracruzano.vip\/index.php?rest_route=%2Fwp%2Fv2%2Ftags&post=5862"}],"curies":[{"name":"wp","href":"https:\/\/api.w.org\/{rel}","templated":true}]}}