{"id":5856,"date":"2023-06-27T18:26:44","date_gmt":"2023-06-28T00:26:44","guid":{"rendered":"http:\/\/elveracruzano.vip\/?p=5856"},"modified":"2023-06-27T18:26:45","modified_gmt":"2023-06-28T00:26:45","slug":"el-dialogo-como-garantia-de-paz-tema-central-de-la-feria-nacional-del-libro-infantil-y-juvenil-cuitlahuacgj-gobiernover","status":"publish","type":"post","link":"https:\/\/elveracruzano.vip\/?p=5856","title":{"rendered":"El di\u00e1logo como garant\u00eda de paz, tema central de la Feria Nacional del Libro Infantil y Juvenil \/ @CuitlahuacGJ @GobiernoVer >>>"},"content":{"rendered":"\n<p><strong>#GobiernoDeVeracruz.-<\/strong> El Instituto Veracruzano de la Cultura (IVEC), en coordinaci\u00f3n con la Secretar\u00eda de Cultura, present\u00f3 la 33\u00aa Feria Nacional del Libro Infantil y Juvenil que tendr\u00e1 lugar en el Colegio Preparatorio de Xalapa del 21 al 30 de julio.<\/p>\n\n\n\n<p>Esta edici\u00f3n se suma a la conmemoraci\u00f3n del&nbsp;A\u00f1o Internacional del Di\u00e1logo como Garant\u00eda de Paz \u2212declarado por la Organizaci\u00f3n de las Naciones Unidas\u2212 con m\u00e1s de 250 actividades enfocadas en la preservaci\u00f3n de la diversidad ling\u00fc\u00edstica y literaria, m\u00e1s de 61 expositores y 200 fondos editoriales.<\/p>\n\n\n\n<p>Como parte de lo anterior, a partir de hoy se convoca al concurso\u00a0Cuentos de di\u00e1logo y de paz\u00a0dirigido a ni\u00f1os y ni\u00f1as de entre 6 y 13 a\u00f1os que compartir\u00e1n textos sobre la importancia de la comunicaci\u00f3n, los acuerdos, la toma de decisiones, el entendimiento mutuo, la resoluci\u00f3n de conflictos y la erradicaci\u00f3n de la violencia. Los ganadores se har\u00e1n acreedores a una biblioteca.<\/p>\n\n\n\n<p>Entre las novedades destacan la posibilidad de asistir y recorrer el recinto usando bicicleta, la instalaci\u00f3n de un ajedrez y un domin\u00f3 gigantes, adem\u00e1s de la nueva aplicaci\u00f3n FNLIyJ (<a href=\"https:\/\/n9.cl\/ssw1l\">https:\/\/n9.cl\/ssw1l<\/a>) que permite revisar la programaci\u00f3n, destacar eventos y agregar recordatorios.<\/p>\n\n\n\n<p>\u201cSeguimos la iniciativa del Gobernador de formar a las infancias y juventudes en un humanismo que tiene que ver con alimentar el esp\u00edritu y el cuerpo, cuidando nuestra salud. Esta feria es como siempre una suma de esfuerzos de varias instancias como las secretar\u00edas de Educaci\u00f3n, Turismo, Protecci\u00f3n Civil y Seguridad P\u00fablica\u201d, expres\u00f3 la directora del IVEC, Silvia Alejandre Prado.<\/p>\n\n\n\n<p><strong>#ElVeracruzanoVIP &#8211; <\/strong><a href=\"https:\/\/www.facebook.com\/ElVeracruzanoVIP\/\">El Veracruzano VIP<\/a><\/p>\n","protected":false},"excerpt":{"rendered":"<p>#GobiernoDeVeracruz.- El Instituto Veracruzano de la Cultura (IVEC), en coordinaci\u00f3n con la Secretar\u00eda de Cultura, present\u00f3 la 33\u00aa Feria Nacional<\/p>\n","protected":false},"author":4,"featured_media":5857,"comment_status":"open","ping_status":"open","sticky":false,"template":"","format":"standard","meta":{"colormag_page_container_layout":"default_layout","colormag_page_sidebar_layout":"default_layout","rop_custom_images_group":[],"rop_custom_messages_group":[],"rop_publish_now":"initial","rop_publish_now_accounts":{"facebook_109133384920963_108472061465099":""},"rop_publish_now_history":[],"rop_publish_now_status":"pending","footnotes":""},"categories":[14],"tags":[17,26,20,18,19,97,91,84,98,99,21,23,22],"class_list":["post-5856","post","type-post","status-publish","format-standard","has-post-thumbnail","hentry","category-secretarias","tag-cuitlahuac-garcia-jimenez","tag-el-veracruzano-vip","tag-enterate","tag-gobierno-del-estado-de-veracruz","tag-redes-sociales","tag-secretaria-de-educacion-publica","tag-secretaria-de-educacion-veracruz","tag-secretaria-de-proteccion-civil-del-estado-de-veracruz","tag-secretaria-del-medio-ambiente","tag-secretaria-del-trabajo-y-prevision-social","tag-ultima-hora","tag-ultimas-noticias","tag-ultimo-minuto"],"_links":{"self":[{"href":"https:\/\/elveracruzano.vip\/index.php?rest_route=\/wp\/v2\/posts\/5856","targetHints":{"allow":["GET"]}}],"collection":[{"href":"https:\/\/elveracruzano.vip\/index.php?rest_route=\/wp\/v2\/posts"}],"about":[{"href":"https:\/\/elveracruzano.vip\/index.php?rest_route=\/wp\/v2\/types\/post"}],"author":[{"embeddable":true,"href":"https:\/\/elveracruzano.vip\/index.php?rest_route=\/wp\/v2\/users\/4"}],"replies":[{"embeddable":true,"href":"https:\/\/elveracruzano.vip\/index.php?rest_route=%2Fwp%2Fv2%2Fcomments&post=5856"}],"version-history":[{"count":1,"href":"https:\/\/elveracruzano.vip\/index.php?rest_route=\/wp\/v2\/posts\/5856\/revisions"}],"predecessor-version":[{"id":5858,"href":"https:\/\/elveracruzano.vip\/index.php?rest_route=\/wp\/v2\/posts\/5856\/revisions\/5858"}],"wp:featuredmedia":[{"embeddable":true,"href":"https:\/\/elveracruzano.vip\/index.php?rest_route=\/wp\/v2\/media\/5857"}],"wp:attachment":[{"href":"https:\/\/elveracruzano.vip\/index.php?rest_route=%2Fwp%2Fv2%2Fmedia&parent=5856"}],"wp:term":[{"taxonomy":"category","embeddable":true,"href":"https:\/\/elveracruzano.vip\/index.php?rest_route=%2Fwp%2Fv2%2Fcategories&post=5856"},{"taxonomy":"post_tag","embeddable":true,"href":"https:\/\/elveracruzano.vip\/index.php?rest_route=%2Fwp%2Fv2%2Ftags&post=5856"}],"curies":[{"name":"wp","href":"https:\/\/api.w.org\/{rel}","templated":true}]}}