{"id":5853,"date":"2023-06-27T18:23:44","date_gmt":"2023-06-28T00:23:44","guid":{"rendered":"http:\/\/elveracruzano.vip\/?p=5853"},"modified":"2023-06-27T18:23:45","modified_gmt":"2023-06-28T00:23:45","slug":"invita-ayuntamiento-de-cordoba-a-concierto-de-verano-con-la-banda-municipal-pdtejuanmtnez-aytocordobaver","status":"publish","type":"post","link":"https:\/\/elveracruzano.vip\/?p=5853","title":{"rendered":"Invita ayuntamiento de C\u00f3rdoba a \u201cConcierto de Verano\u201d con la Banda Municipal \/ @PdteJuanMtnez @AytoCordobaVer >>>"},"content":{"rendered":"\n<p><strong>#C\u00f3rdoba, #Ver.-<\/strong> El Ayuntamiento de C\u00f3rdoba a trav\u00e9s de la Direcci\u00f3n de Educaci\u00f3n, Cultura y Deporte invita a los ciudadanos a disfrutar del \u201cConcierto de Verano\u201d, que tiene preparado la Banda Municipal de M\u00fasica para este mi\u00e9rcoles 28 de junio a partir de las 18:00 horas en el teatro Pedro D\u00edaz.<\/p>\n\n\n\n<p>El Coordinador de Cultura, Juan Alberto Hern\u00e1ndez Ort\u00edz, coment\u00f3 que el acceso al teatro Pedro D\u00edaz ser\u00e1 de manera gratuita, donde los asistentes disfrutar\u00e1n de una tarde-noche de boleros, danzones, chachach\u00e1 y mambo.<\/p>\n\n\n\n<p>\u201cEl amplio repertorio con el que cuenta la Banda Municipal de C\u00f3rdoba, que va desde m\u00fasica cl\u00e1sica a diversos g\u00e9neros populares, as\u00ed como de folklore o de temporada, entre otros, muestra la versatilidad y la formaci\u00f3n de cada uno de sus miembros\u201d.<\/p>\n\n\n\n<p>Algunas de las piezas musicales que interpretar\u00e1n ser\u00e1n: \u201cPerfume de Gardenias, Nayla, Usted, C\u00f3mo han Pasado los A\u00f1os, A la Antigua, New York New York, As\u00ed Fue, El Mago del Tromb\u00f3n, Jugueteando con el Clarinete, Mar\u00eda Mercedes, Las Clases del Chachach\u00e1, Cerezo Rosa, Polit\u00e9cnico y un homenaje a\u00a0Pedro\u00a0Infante\u00bb.<\/p>\n\n\n\n<p><strong>#ElVeracruzanoVIP &#8211; <\/strong><a href=\"https:\/\/www.facebook.com\/ElVeracruzanoVIP\/\">El Veracruzano VIP<\/a><\/p>\n","protected":false},"excerpt":{"rendered":"<p>#C\u00f3rdoba, #Ver.- El Ayuntamiento de C\u00f3rdoba a trav\u00e9s de la Direcci\u00f3n de Educaci\u00f3n, Cultura y Deporte invita a los ciudadanos<\/p>\n","protected":false},"author":4,"featured_media":5854,"comment_status":"open","ping_status":"open","sticky":false,"template":"","format":"standard","meta":{"colormag_page_container_layout":"default_layout","colormag_page_sidebar_layout":"default_layout","rop_custom_images_group":[],"rop_custom_messages_group":[],"rop_publish_now":"initial","rop_publish_now_accounts":{"facebook_109133384920963_108472061465099":""},"rop_publish_now_history":[],"rop_publish_now_status":"pending","footnotes":""},"categories":[11],"tags":[36,17,26,20,18,66,19,97,91,84,99,21,23,22],"class_list":["post-5853","post","type-post","status-publish","format-standard","has-post-thumbnail","hentry","category-municipios-destacados","tag-cordoba","tag-cuitlahuac-garcia-jimenez","tag-el-veracruzano-vip","tag-enterate","tag-gobierno-del-estado-de-veracruz","tag-juan-martinez-flores","tag-redes-sociales","tag-secretaria-de-educacion-publica","tag-secretaria-de-educacion-veracruz","tag-secretaria-de-proteccion-civil-del-estado-de-veracruz","tag-secretaria-del-trabajo-y-prevision-social","tag-ultima-hora","tag-ultimas-noticias","tag-ultimo-minuto"],"_links":{"self":[{"href":"https:\/\/elveracruzano.vip\/index.php?rest_route=\/wp\/v2\/posts\/5853","targetHints":{"allow":["GET"]}}],"collection":[{"href":"https:\/\/elveracruzano.vip\/index.php?rest_route=\/wp\/v2\/posts"}],"about":[{"href":"https:\/\/elveracruzano.vip\/index.php?rest_route=\/wp\/v2\/types\/post"}],"author":[{"embeddable":true,"href":"https:\/\/elveracruzano.vip\/index.php?rest_route=\/wp\/v2\/users\/4"}],"replies":[{"embeddable":true,"href":"https:\/\/elveracruzano.vip\/index.php?rest_route=%2Fwp%2Fv2%2Fcomments&post=5853"}],"version-history":[{"count":1,"href":"https:\/\/elveracruzano.vip\/index.php?rest_route=\/wp\/v2\/posts\/5853\/revisions"}],"predecessor-version":[{"id":5855,"href":"https:\/\/elveracruzano.vip\/index.php?rest_route=\/wp\/v2\/posts\/5853\/revisions\/5855"}],"wp:featuredmedia":[{"embeddable":true,"href":"https:\/\/elveracruzano.vip\/index.php?rest_route=\/wp\/v2\/media\/5854"}],"wp:attachment":[{"href":"https:\/\/elveracruzano.vip\/index.php?rest_route=%2Fwp%2Fv2%2Fmedia&parent=5853"}],"wp:term":[{"taxonomy":"category","embeddable":true,"href":"https:\/\/elveracruzano.vip\/index.php?rest_route=%2Fwp%2Fv2%2Fcategories&post=5853"},{"taxonomy":"post_tag","embeddable":true,"href":"https:\/\/elveracruzano.vip\/index.php?rest_route=%2Fwp%2Fv2%2Ftags&post=5853"}],"curies":[{"name":"wp","href":"https:\/\/api.w.org\/{rel}","templated":true}]}}