{"id":5792,"date":"2023-06-20T13:45:18","date_gmt":"2023-06-20T19:45:18","guid":{"rendered":"http:\/\/elveracruzano.vip\/?p=5792"},"modified":"2023-06-20T13:46:30","modified_gmt":"2023-06-20T19:46:30","slug":"invita-municipio-de-xalapa-a-conocer-el-plan-ares-y-volar-a-marte-en-naves-espaciales-ahuedricardo-aytoxalapa","status":"publish","type":"post","link":"https:\/\/elveracruzano.vip\/?p=5792","title":{"rendered":"Invita municipio de Xalapa a conocer el Plan Ares y volar a Marte en naves espaciales \/ @ahuedricardo @AytoXalapa >>>"},"content":{"rendered":"\n<p><strong>#Xalapa, #Ver.- <\/strong>Esta semana, el espacio exterior estar\u00e1 m\u00e1s cerca de Xalapa y al alcance de todos los asistentes al parque Benito Ju\u00e1rez, quienes del 19 al 25 de junio podr\u00e1n disfrutar de una exhibici\u00f3n de naves espaciales que forman parte del Plan Ares, un proyecto mexicano para Am\u00e9rica Latina que busca, en un futuro, llevar a los seres humanos a Marte.<\/p>\n\n\n\n<p>Los prototipos han sido desarrollados a lo largo de varios a\u00f1os por el Centro Universitario Bonpland &amp; Humboldt, mediante su Instituto de Ciencias y Tecnolog\u00edas Espaciales.<\/p>\n\n\n\n<p>Los interesados en conocer m\u00e1s a fondo estas piezas, podr\u00e1n darse cita este lunes a las 19:00 horas, cuando se inaugure formalmente el recorrido por su interior; adem\u00e1s, desde el martes y hasta el d\u00eda 25, estar\u00e1n disponibles a partir de las 10:00 horas, permitiendo saber m\u00e1s sobre otro de los prop\u00f3sitos del Plan Ares: la terraformaci\u00f3n del planeta rojo mediante estructuras parecidas a un gran domo que cubre un ecosistema.<\/p>\n\n\n\n<p>Otra de las actividades preparadas por la Direcci\u00f3n de Cultura para esta semana es el Festival IMAC Xalapa para todos, el cual contempla talleres como el de tramoya e iluminaci\u00f3n, del 19 al 22 de junio a las 18:00 horas, y cuyo objetivo es dar a conocer los espacios externos e internos de un teatro, as\u00ed como el montaje y desmontaje de escenograf\u00eda; los equipos de iluminaci\u00f3n b\u00e1sica y los tipos de luces que se utilizan en una presentaci\u00f3n teatral.<\/p>\n\n\n\n<p>Otro de los cursos es el b\u00e1sico de audio, del 20 al 23 de junio a las 17:00 horas, para dar a conocer de manera pr\u00e1ctica el uso de una consola de audio, y mostrar la manera de sonorizar.<\/p>\n\n\n\n<p><strong>#ElVeracruzanoVIP &#8211; <\/strong><a href=\"https:\/\/www.facebook.com\/ElVeracruzanoVIP\/\">El Veracruzano VIP<\/a><\/p>\n","protected":false},"excerpt":{"rendered":"<p>#Xalapa, #Ver.- Esta semana, el espacio exterior estar\u00e1 m\u00e1s cerca de Xalapa y al alcance de todos los asistentes al<\/p>\n","protected":false},"author":4,"featured_media":5793,"comment_status":"open","ping_status":"open","sticky":false,"template":"","format":"standard","meta":{"colormag_page_container_layout":"default_layout","colormag_page_sidebar_layout":"default_layout","rop_custom_images_group":[],"rop_custom_messages_group":[],"rop_publish_now":"initial","rop_publish_now_accounts":{"facebook_109133384920963_108472061465099":""},"rop_publish_now_history":[],"rop_publish_now_status":"pending","footnotes":""},"categories":[11],"tags":[17,26,20,18,19,77,100,97,91,84,99,21,23,22,32],"class_list":["post-5792","post","type-post","status-publish","format-standard","has-post-thumbnail","hentry","category-municipios-destacados","tag-cuitlahuac-garcia-jimenez","tag-el-veracruzano-vip","tag-enterate","tag-gobierno-del-estado-de-veracruz","tag-redes-sociales","tag-ricardo-ahued-bardahuil","tag-secretaria-de-economia","tag-secretaria-de-educacion-publica","tag-secretaria-de-educacion-veracruz","tag-secretaria-de-proteccion-civil-del-estado-de-veracruz","tag-secretaria-del-trabajo-y-prevision-social","tag-ultima-hora","tag-ultimas-noticias","tag-ultimo-minuto","tag-xalapa"],"_links":{"self":[{"href":"https:\/\/elveracruzano.vip\/index.php?rest_route=\/wp\/v2\/posts\/5792","targetHints":{"allow":["GET"]}}],"collection":[{"href":"https:\/\/elveracruzano.vip\/index.php?rest_route=\/wp\/v2\/posts"}],"about":[{"href":"https:\/\/elveracruzano.vip\/index.php?rest_route=\/wp\/v2\/types\/post"}],"author":[{"embeddable":true,"href":"https:\/\/elveracruzano.vip\/index.php?rest_route=\/wp\/v2\/users\/4"}],"replies":[{"embeddable":true,"href":"https:\/\/elveracruzano.vip\/index.php?rest_route=%2Fwp%2Fv2%2Fcomments&post=5792"}],"version-history":[{"count":3,"href":"https:\/\/elveracruzano.vip\/index.php?rest_route=\/wp\/v2\/posts\/5792\/revisions"}],"predecessor-version":[{"id":5797,"href":"https:\/\/elveracruzano.vip\/index.php?rest_route=\/wp\/v2\/posts\/5792\/revisions\/5797"}],"wp:featuredmedia":[{"embeddable":true,"href":"https:\/\/elveracruzano.vip\/index.php?rest_route=\/wp\/v2\/media\/5793"}],"wp:attachment":[{"href":"https:\/\/elveracruzano.vip\/index.php?rest_route=%2Fwp%2Fv2%2Fmedia&parent=5792"}],"wp:term":[{"taxonomy":"category","embeddable":true,"href":"https:\/\/elveracruzano.vip\/index.php?rest_route=%2Fwp%2Fv2%2Fcategories&post=5792"},{"taxonomy":"post_tag","embeddable":true,"href":"https:\/\/elveracruzano.vip\/index.php?rest_route=%2Fwp%2Fv2%2Ftags&post=5792"}],"curies":[{"name":"wp","href":"https:\/\/api.w.org\/{rel}","templated":true}]}}