{"id":5763,"date":"2023-06-15T13:46:19","date_gmt":"2023-06-15T19:46:19","guid":{"rendered":"http:\/\/elveracruzano.vip\/?p=5763"},"modified":"2023-06-15T13:46:21","modified_gmt":"2023-06-15T19:46:21","slug":"boca-del-rio-referente-economico-del-sureste-mexicano-alcalde-juan-unanue-jm_unanue-_bocadelrio","status":"publish","type":"post","link":"https:\/\/elveracruzano.vip\/?p=5763","title":{"rendered":"Boca del R\u00edo, referente econ\u00f3mico del sureste mexicano: alcalde Juan Un\u00e1nue \/ @JM_UNANUE @_BocadelRio >>>"},"content":{"rendered":"\n<p><strong>#BocaDelR\u00edo, #Ver.-<\/strong> El Palacio Municipal de Boca del R\u00edo fue el escenario de la Toma de Protesta del Consejo Directivo 2023-2024 de la C\u00e1mara Nacional de Comercio, Servicios y Turismo de Veracruz (CANACO SERVYTUR), siendo el anfitri\u00f3n el Alcalde Juan Manuel Un\u00e1nue Abascal.<\/p>\n\n\n\n<p>En dicho evento, el Alcalde destac\u00f3 que en la actual administraci\u00f3n municipal se impulsan acciones y programas que mejoren la relaci\u00f3n con el empresariado, para que a trav\u00e9s de la prestaci\u00f3n de servicios municipales de calidad se logren incentivar inversiones y fuentes de empleo.<\/p>\n\n\n\n<p>\u201cTenemos claro que las empresas impulsan la econom\u00eda local, logrando un gran impacto en el desarrollo econ\u00f3mico y productivo de nuestra comunidad, por eso cada que sumamos esfuerzos con ustedes logramos m\u00e1s y mejores resultados para las familias que viven o se trasladan por nuestra ciudad\u201d, expres\u00f3 el edil.<\/p>\n\n\n\n<p>Ante los integrantes de la CANACO, resalt\u00f3 que los boque\u00f1os con esfuerzo, trabajo y dedicaci\u00f3n, de la mano con el gobierno municipal y la iniciativa privada, han logrado que el municipio mantenga su crecimiento, siendo hoy un referente en la entidad veracruzana y en el sureste mexicano.<\/p>\n\n\n\n<p>Asimismo, Un\u00e1nue Abascal agradeci\u00f3 al Consejo Directivo de la CANACO Veracruz por elegir a Boca del R\u00edo como sede de la toma de protesta y presenciar la renovaci\u00f3n de su compromiso como organismo que trabaja a favor del comercio y del empresariado veracruzano.<\/p>\n\n\n\n<p>El Palacio Municipal de Boca del R\u00edo fue el escenario de la Toma de Protesta del Consejo Directivo 2023-2024 de la C\u00e1mara Nacional de Comercio, Servicios y Turismo de Veracruz (CANACO SERVYTUR), siendo el anfitri\u00f3n el Alcalde Juan Manuel Un\u00e1nue Abascal.<\/p>\n\n\n\n<p><strong>#ElVeracruzanoVIP &#8211; <\/strong><a href=\"https:\/\/www.facebook.com\/ElVeracruzanoVIP\/\">El Veracruzano VIP<\/a><\/p>\n","protected":false},"excerpt":{"rendered":"<p>#BocaDelR\u00edo, #Ver.- El Palacio Municipal de Boca del R\u00edo fue el escenario de la Toma de Protesta del Consejo Directivo<\/p>\n","protected":false},"author":4,"featured_media":5764,"comment_status":"open","ping_status":"open","sticky":false,"template":"","format":"standard","meta":{"colormag_page_container_layout":"default_layout","colormag_page_sidebar_layout":"default_layout","rop_custom_images_group":[],"rop_custom_messages_group":[],"rop_publish_now":"initial","rop_publish_now_accounts":{"facebook_109133384920963_108472061465099":""},"rop_publish_now_history":[],"rop_publish_now_status":"pending","footnotes":""},"categories":[11],"tags":[35,17,26,20,18,34,19,97,91,84,98,99,21,23,22],"class_list":["post-5763","post","type-post","status-publish","format-standard","has-post-thumbnail","hentry","category-municipios-destacados","tag-boca-del-rio","tag-cuitlahuac-garcia-jimenez","tag-el-veracruzano-vip","tag-enterate","tag-gobierno-del-estado-de-veracruz","tag-juan-manuel-unanue","tag-redes-sociales","tag-secretaria-de-educacion-publica","tag-secretaria-de-educacion-veracruz","tag-secretaria-de-proteccion-civil-del-estado-de-veracruz","tag-secretaria-del-medio-ambiente","tag-secretaria-del-trabajo-y-prevision-social","tag-ultima-hora","tag-ultimas-noticias","tag-ultimo-minuto"],"_links":{"self":[{"href":"https:\/\/elveracruzano.vip\/index.php?rest_route=\/wp\/v2\/posts\/5763","targetHints":{"allow":["GET"]}}],"collection":[{"href":"https:\/\/elveracruzano.vip\/index.php?rest_route=\/wp\/v2\/posts"}],"about":[{"href":"https:\/\/elveracruzano.vip\/index.php?rest_route=\/wp\/v2\/types\/post"}],"author":[{"embeddable":true,"href":"https:\/\/elveracruzano.vip\/index.php?rest_route=\/wp\/v2\/users\/4"}],"replies":[{"embeddable":true,"href":"https:\/\/elveracruzano.vip\/index.php?rest_route=%2Fwp%2Fv2%2Fcomments&post=5763"}],"version-history":[{"count":1,"href":"https:\/\/elveracruzano.vip\/index.php?rest_route=\/wp\/v2\/posts\/5763\/revisions"}],"predecessor-version":[{"id":5765,"href":"https:\/\/elveracruzano.vip\/index.php?rest_route=\/wp\/v2\/posts\/5763\/revisions\/5765"}],"wp:featuredmedia":[{"embeddable":true,"href":"https:\/\/elveracruzano.vip\/index.php?rest_route=\/wp\/v2\/media\/5764"}],"wp:attachment":[{"href":"https:\/\/elveracruzano.vip\/index.php?rest_route=%2Fwp%2Fv2%2Fmedia&parent=5763"}],"wp:term":[{"taxonomy":"category","embeddable":true,"href":"https:\/\/elveracruzano.vip\/index.php?rest_route=%2Fwp%2Fv2%2Fcategories&post=5763"},{"taxonomy":"post_tag","embeddable":true,"href":"https:\/\/elveracruzano.vip\/index.php?rest_route=%2Fwp%2Fv2%2Ftags&post=5763"}],"curies":[{"name":"wp","href":"https:\/\/api.w.org\/{rel}","templated":true}]}}