{"id":5708,"date":"2023-06-08T17:20:31","date_gmt":"2023-06-08T23:20:31","guid":{"rendered":"http:\/\/elveracruzano.vip\/?p=5708"},"modified":"2023-06-08T17:20:33","modified_gmt":"2023-06-08T23:20:33","slug":"boca-del-rio-rico-en-biodiversidad-y-respetuoso-de-la-naturaleza-alcalde-juan-unanue-jm_unanue-_bocadelrio","status":"publish","type":"post","link":"https:\/\/elveracruzano.vip\/?p=5708","title":{"rendered":"Boca del R\u00edo, rico en biodiversidad y respetuoso de la naturaleza: alcalde Juan Un\u00e1nue \/ @JM_UNANUE @_BocadelRio >>>"},"content":{"rendered":"\n<p><strong>#BocaDelR\u00edo, #Ver.-<\/strong> En el marco del D\u00eda Mundial de los Oc\u00e9anos, el Alcalde de Boca del R\u00edo, Juan Manuel Un\u00e1nue Abascal, asisti\u00f3 al foro \u201cEncuentro Arrecifal\u201d, donde celebr\u00f3 la iniciativa de la Direcci\u00f3n Municipal de Medio Ambiente de promover una mesa de discusi\u00f3n e intercambio de ideas en un tema crucial para nuestro entorno: cuidar y proteger nuestros arrecifes.<\/p>\n\n\n\n<p>\u201cUnir esfuerzos para la conservaci\u00f3n de estos ecosistemas es uno de los compromisos de mi gobierno, pues tenemos clara su importancia, ya que su diversidad es comparable solo a la de las selvas tropicales y los bosques de niebla\u201d, expres\u00f3 el ejecutivo.<\/p>\n\n\n\n<p>Destac\u00f3 que entre los servicios ambientales que prestan los arrecifes son prevenir la erosi\u00f3n de la costa y disminuir la fuerza del oleaje, permitiendo la realizaci\u00f3n de actividades productivas de alto valor econ\u00f3mico para la regi\u00f3n y el turismo en general.<\/p>\n\n\n\n<p>Adicionalmente constituyen la estructura de protecci\u00f3n m\u00e1s efectiva contra tormentas tropicales y huracanes, as\u00ed como lugar de crianza, refugio, alimentaci\u00f3n y reproducci\u00f3n de muchas especies, principalmente de car\u00e1cter comercial.<\/p>\n\n\n\n<p>Por ello, urge la necesidad de fortalecer las tareas de cada uno de los \u00f3rdenes de gobierno para implementar pol\u00edticas p\u00fablicas que protejan y conserven nuestros arrecifes.<\/p>\n\n\n\n<p><strong>#ElVeracruzanoVIP &#8211; <\/strong><a href=\"https:\/\/www.facebook.com\/ElVeracruzanoVIP\/\">El Veracruzano VIP<\/a><\/p>\n","protected":false},"excerpt":{"rendered":"<p>#BocaDelR\u00edo, #Ver.- En el marco del D\u00eda Mundial de los Oc\u00e9anos, el Alcalde de Boca del R\u00edo, Juan Manuel Un\u00e1nue<\/p>\n","protected":false},"author":4,"featured_media":0,"comment_status":"open","ping_status":"open","sticky":false,"template":"","format":"standard","meta":{"colormag_page_container_layout":"default_layout","colormag_page_sidebar_layout":"default_layout","rop_custom_images_group":[],"rop_custom_messages_group":[],"rop_publish_now":"initial","rop_publish_now_accounts":{"facebook_109133384920963_108472061465099":""},"rop_publish_now_history":[],"rop_publish_now_status":"pending","footnotes":""},"categories":[11],"tags":[35,17,26,20,18,34,19,100,97,91,84,99,21,23,22],"class_list":["post-5708","post","type-post","status-publish","format-standard","hentry","category-municipios-destacados","tag-boca-del-rio","tag-cuitlahuac-garcia-jimenez","tag-el-veracruzano-vip","tag-enterate","tag-gobierno-del-estado-de-veracruz","tag-juan-manuel-unanue","tag-redes-sociales","tag-secretaria-de-economia","tag-secretaria-de-educacion-publica","tag-secretaria-de-educacion-veracruz","tag-secretaria-de-proteccion-civil-del-estado-de-veracruz","tag-secretaria-del-trabajo-y-prevision-social","tag-ultima-hora","tag-ultimas-noticias","tag-ultimo-minuto"],"_links":{"self":[{"href":"https:\/\/elveracruzano.vip\/index.php?rest_route=\/wp\/v2\/posts\/5708","targetHints":{"allow":["GET"]}}],"collection":[{"href":"https:\/\/elveracruzano.vip\/index.php?rest_route=\/wp\/v2\/posts"}],"about":[{"href":"https:\/\/elveracruzano.vip\/index.php?rest_route=\/wp\/v2\/types\/post"}],"author":[{"embeddable":true,"href":"https:\/\/elveracruzano.vip\/index.php?rest_route=\/wp\/v2\/users\/4"}],"replies":[{"embeddable":true,"href":"https:\/\/elveracruzano.vip\/index.php?rest_route=%2Fwp%2Fv2%2Fcomments&post=5708"}],"version-history":[{"count":1,"href":"https:\/\/elveracruzano.vip\/index.php?rest_route=\/wp\/v2\/posts\/5708\/revisions"}],"predecessor-version":[{"id":5710,"href":"https:\/\/elveracruzano.vip\/index.php?rest_route=\/wp\/v2\/posts\/5708\/revisions\/5710"}],"wp:attachment":[{"href":"https:\/\/elveracruzano.vip\/index.php?rest_route=%2Fwp%2Fv2%2Fmedia&parent=5708"}],"wp:term":[{"taxonomy":"category","embeddable":true,"href":"https:\/\/elveracruzano.vip\/index.php?rest_route=%2Fwp%2Fv2%2Fcategories&post=5708"},{"taxonomy":"post_tag","embeddable":true,"href":"https:\/\/elveracruzano.vip\/index.php?rest_route=%2Fwp%2Fv2%2Ftags&post=5708"}],"curies":[{"name":"wp","href":"https:\/\/api.w.org\/{rel}","templated":true}]}}