{"id":5698,"date":"2023-06-07T12:34:58","date_gmt":"2023-06-07T18:34:58","guid":{"rendered":"http:\/\/elveracruzano.vip\/?p=5698"},"modified":"2023-06-07T12:35:00","modified_gmt":"2023-06-07T18:35:00","slug":"llevan-a-cabo-campana-de-cirugias-reconstructivas-en-el-puerto-de-veracruz-patyyunes-ayuntamientover","status":"publish","type":"post","link":"https:\/\/elveracruzano.vip\/?p=5698","title":{"rendered":"Llevan a cabo campa\u00f1a de cirug\u00edas reconstructivas en el Puerto de Veracruz \/ @PatyYunes @AyuntamientoVer >>>"},"content":{"rendered":"\n<p><strong>#Veracruz, #Ver.<\/strong>&#8211; Gracias a la colaboraci\u00f3n de los doctores del Hospital Covadonga Veracruz y la Austin Smiles &#8211; The Austin Plastic Surgery Foundation, se llev\u00f3 a cabo la campa\u00f1a de cirug\u00edas reconstructivas de labio y\/o paladar hendido dirigida por Ramiro Rodr\u00edguez Navarrete presidente del Club Rotario Distrito 4185.<\/p>\n\n\n\n<p>La alcaldesa de Veracruz, Paty Lobeira de Yunes visito y convivio con los pacientes, entre ellos ni\u00f1os menores a quienes entreg\u00f3 un obsequio en muestra de empat\u00eda.<\/p>\n\n\n\n<figure class=\"wp-block-image aligncenter size-medium is-resized\"><img loading=\"lazy\" decoding=\"async\" src=\"http:\/\/elveracruzano.vip\/wp-content\/uploads\/2023\/06\/VERA-TEX-300x200.jpg\" alt=\"\" class=\"wp-image-5699\" width=\"516\" height=\"344\"\/><\/figure>\n\n\n\n<p><strong>#ElVeracruzanoVIP &#8211; <\/strong><a href=\"https:\/\/www.facebook.com\/ElVeracruzanoVIP\/\">El Veracruzano VIP<\/a><\/p>\n","protected":false},"excerpt":{"rendered":"<p>#Veracruz, #Ver.&#8211; Gracias a la colaboraci\u00f3n de los doctores del Hospital Covadonga Veracruz y la Austin Smiles &#8211; The Austin<\/p>\n","protected":false},"author":4,"featured_media":0,"comment_status":"open","ping_status":"open","sticky":false,"template":"","format":"standard","meta":{"colormag_page_container_layout":"default_layout","colormag_page_sidebar_layout":"default_layout","rop_custom_images_group":[],"rop_custom_messages_group":[],"rop_publish_now":"initial","rop_publish_now_accounts":{"facebook_109133384920963_108472061465099":""},"rop_publish_now_history":[],"rop_publish_now_status":"pending","footnotes":""},"categories":[8],"tags":[17,26,20,18,58,19,100,97,91,84,99,21,23,22,90],"class_list":["post-5698","post","type-post","status-publish","format-standard","hentry","category-alcaldesas","tag-cuitlahuac-garcia-jimenez","tag-el-veracruzano-vip","tag-enterate","tag-gobierno-del-estado-de-veracruz","tag-paty-lobeira-de-yunes","tag-redes-sociales","tag-secretaria-de-economia","tag-secretaria-de-educacion-publica","tag-secretaria-de-educacion-veracruz","tag-secretaria-de-proteccion-civil-del-estado-de-veracruz","tag-secretaria-del-trabajo-y-prevision-social","tag-ultima-hora","tag-ultimas-noticias","tag-ultimo-minuto","tag-veracruz-ciudad-y-puerto"],"_links":{"self":[{"href":"https:\/\/elveracruzano.vip\/index.php?rest_route=\/wp\/v2\/posts\/5698","targetHints":{"allow":["GET"]}}],"collection":[{"href":"https:\/\/elveracruzano.vip\/index.php?rest_route=\/wp\/v2\/posts"}],"about":[{"href":"https:\/\/elveracruzano.vip\/index.php?rest_route=\/wp\/v2\/types\/post"}],"author":[{"embeddable":true,"href":"https:\/\/elveracruzano.vip\/index.php?rest_route=\/wp\/v2\/users\/4"}],"replies":[{"embeddable":true,"href":"https:\/\/elveracruzano.vip\/index.php?rest_route=%2Fwp%2Fv2%2Fcomments&post=5698"}],"version-history":[{"count":1,"href":"https:\/\/elveracruzano.vip\/index.php?rest_route=\/wp\/v2\/posts\/5698\/revisions"}],"predecessor-version":[{"id":5701,"href":"https:\/\/elveracruzano.vip\/index.php?rest_route=\/wp\/v2\/posts\/5698\/revisions\/5701"}],"wp:attachment":[{"href":"https:\/\/elveracruzano.vip\/index.php?rest_route=%2Fwp%2Fv2%2Fmedia&parent=5698"}],"wp:term":[{"taxonomy":"category","embeddable":true,"href":"https:\/\/elveracruzano.vip\/index.php?rest_route=%2Fwp%2Fv2%2Fcategories&post=5698"},{"taxonomy":"post_tag","embeddable":true,"href":"https:\/\/elveracruzano.vip\/index.php?rest_route=%2Fwp%2Fv2%2Ftags&post=5698"}],"curies":[{"name":"wp","href":"https:\/\/api.w.org\/{rel}","templated":true}]}}